{"id":5156,"date":"2015-02-03T16:30:17","date_gmt":"2015-02-03T19:30:17","guid":{"rendered":"http:\/\/www.ifbaiano.edu.br\/unidades\/santaines\/?p=5156"},"modified":"2015-02-12T16:30:56","modified_gmt":"2015-02-12T19:30:56","slug":"convocacao-dos-pais-responsaveis-dos-alunos-aprovados-no-curso-integrado","status":"publish","type":"post","link":"https:\/\/www.ifbaiano.edu.br\/unidades\/santaines\/convocacao-dos-pais-responsaveis-dos-alunos-aprovados-no-curso-integrado\/","title":{"rendered":"Convoca\u00e7\u00e3o dos Pais \/ Respons\u00e1veis dos Alunos Aprovados no Curso Integrado."},"content":{"rendered":"<p style=\"text-align: justify\">Convocamos os pais e\/ou respons\u00e1veis<strong> pelos alunos aprovado\u00a0 na Sele\u00e7\u00e3o 2015<\/strong> nos cursos integrados, para a reuni\u00e3o, onde ser\u00e1\u00a0 apresentado o processo de matricula dos novos estudantes, a ocorrer <strong>no audit\u00f3rio localizado<\/strong><strong> no m\u00f3dulo da biblioteca do Campus Santa In\u00eas, localizado na\u00a0BR 420 (Rodovia Santa In\u00eas \u2013 Uba\u00edra), Zona Rural, Bahia Tel.: <a href=\"%2873%29%203536-1210\" target=\"_blank\">(73) 3536-1210<\/a>, no dia 23 de fevereiro de 2015, \u00e0s 09 horas da manh\u00e3. Falar com Rodrigo Oct\u00e1vio Coordenador de Ensino<\/strong><\/p>\n","protected":false},"excerpt":{"rendered":"<p>Convocamos os pais e\/ou respons\u00e1veis para reuni\u00e3o a ocorrer no IFBaiano &#8211; Campus Santa In\u00eas (Audit\u00f3rio) no dia 23\/02\/2015, \u00e0s 09h<br \/>\nda manh\u00e3.<\/p>\n","protected":false},"author":7,"featured_media":0,"comment_status":"closed","ping_status":"closed","sticky":false,"template":"","format":"standard","meta":[],"categories":[4,5,10,8],"tags":[],"_links":{"self":[{"href":"https:\/\/www.ifbaiano.edu.br\/unidades\/santaines\/wp-json\/wp\/v2\/posts\/5156"}],"collection":[{"href":"https:\/\/www.ifbaiano.edu.br\/unidades\/santaines\/wp-json\/wp\/v2\/posts"}],"about":[{"href":"https:\/\/www.ifbaiano.edu.br\/unidades\/santaines\/wp-json\/wp\/v2\/types\/post"}],"author":[{"embeddable":true,"href":"https:\/\/www.ifbaiano.edu.br\/unidades\/santaines\/wp-json\/wp\/v2\/users\/7"}],"replies":[{"embeddable":true,"href":"https:\/\/www.ifbaiano.edu.br\/unidades\/santaines\/wp-json\/wp\/v2\/comments?post=5156"}],"version-history":[{"count":13,"href":"https:\/\/www.ifbaiano.edu.br\/unidades\/santaines\/wp-json\/wp\/v2\/posts\/5156\/revisions"}],"predecessor-version":[{"id":5269,"href":"https:\/\/www.ifbaiano.edu.br\/unidades\/santaines\/wp-json\/wp\/v2\/posts\/5156\/revisions\/5269"}],"wp:attachment":[{"href":"https:\/\/www.ifbaiano.edu.br\/unidades\/santaines\/wp-json\/wp\/v2\/media?parent=5156"}],"wp:term":[{"taxonomy":"category","embeddable":true,"href":"https:\/\/www.ifbaiano.edu.br\/unidades\/santaines\/wp-json\/wp\/v2\/categories?post=5156"},{"taxonomy":"post_tag","embeddable":true,"href":"https:\/\/www.ifbaiano.edu.br\/unidades\/santaines\/wp-json\/wp\/v2\/tags?post=5156"}],"curies":[{"name":"wp","href":"https:\/\/api.w.org\/{rel}","templated":true}]}}