{"id":5230,"date":"2015-02-05T11:26:44","date_gmt":"2015-02-05T14:26:44","guid":{"rendered":"http:\/\/www.ifbaiano.edu.br\/unidades\/santaines\/?p=5230"},"modified":"2015-02-27T07:59:33","modified_gmt":"2015-02-27T10:59:33","slug":"campus-santa-ines-realiza-defesas-publicas-de-trabalhos-de-conclusao-de-curso","status":"publish","type":"post","link":"https:\/\/www.ifbaiano.edu.br\/unidades\/santaines\/campus-santa-ines-realiza-defesas-publicas-de-trabalhos-de-conclusao-de-curso\/","title":{"rendered":"Campus Santa In\u00eas realiza defesas p\u00fablicas de Trabalhos de Conclus\u00e3o de Curso"},"content":{"rendered":"<p>No per\u00edodo de 09 a 13 de fevereiro de 2015 ser\u00e3o realizadas, em sess\u00f5es abertas, as defesas de Trabalhos de Conclus\u00e3o de Curso das Licenciaturas em Ci\u00eancias Biol\u00f3gicas e em Geografia, conforme especifica\u00e7\u00f5es descritas nos cronogramas abaixo:<\/p>\n<p><a href=\"http:\/\/www.ifbaiano.edu.br\/unidades\/santaines\/files\/2015\/02\/Cronograma-Licenciatura-em-Ciencias-Biologicas.pdf\">Cronograma &#8211; Licenciatura em Ci\u00eancias Biol\u00f3gicas<\/a><\/p>\n<p><a href=\"http:\/\/www.ifbaiano.edu.br\/unidades\/santaines\/files\/2015\/02\/Cronograma-Licenciatura-em-Geografia.pdf\">Cronograma &#8211; Licenciatura em Geografia <\/a><\/p>\n<p>&nbsp;<\/p>\n","protected":false},"excerpt":{"rendered":"<p>05\/02\/2015 &#8211; O evento acontecer\u00e1 no per\u00edodo de 09 a 13 de fevereiro de 2015.<\/p>\n","protected":false},"author":1,"featured_media":0,"comment_status":"closed","ping_status":"closed","sticky":false,"template":"","format":"standard","meta":[],"categories":[38,12,10],"tags":[],"_links":{"self":[{"href":"https:\/\/www.ifbaiano.edu.br\/unidades\/santaines\/wp-json\/wp\/v2\/posts\/5230"}],"collection":[{"href":"https:\/\/www.ifbaiano.edu.br\/unidades\/santaines\/wp-json\/wp\/v2\/posts"}],"about":[{"href":"https:\/\/www.ifbaiano.edu.br\/unidades\/santaines\/wp-json\/wp\/v2\/types\/post"}],"author":[{"embeddable":true,"href":"https:\/\/www.ifbaiano.edu.br\/unidades\/santaines\/wp-json\/wp\/v2\/users\/1"}],"replies":[{"embeddable":true,"href":"https:\/\/www.ifbaiano.edu.br\/unidades\/santaines\/wp-json\/wp\/v2\/comments?post=5230"}],"version-history":[{"count":4,"href":"https:\/\/www.ifbaiano.edu.br\/unidades\/santaines\/wp-json\/wp\/v2\/posts\/5230\/revisions"}],"predecessor-version":[{"id":5233,"href":"https:\/\/www.ifbaiano.edu.br\/unidades\/santaines\/wp-json\/wp\/v2\/posts\/5230\/revisions\/5233"}],"wp:attachment":[{"href":"https:\/\/www.ifbaiano.edu.br\/unidades\/santaines\/wp-json\/wp\/v2\/media?parent=5230"}],"wp:term":[{"taxonomy":"category","embeddable":true,"href":"https:\/\/www.ifbaiano.edu.br\/unidades\/santaines\/wp-json\/wp\/v2\/categories?post=5230"},{"taxonomy":"post_tag","embeddable":true,"href":"https:\/\/www.ifbaiano.edu.br\/unidades\/santaines\/wp-json\/wp\/v2\/tags?post=5230"}],"curies":[{"name":"wp","href":"https:\/\/api.w.org\/{rel}","templated":true}]}}