{"id":5291,"date":"2015-02-24T16:59:49","date_gmt":"2015-02-24T19:59:49","guid":{"rendered":"http:\/\/www.ifbaiano.edu.br\/unidades\/santaines\/?p=5291"},"modified":"2015-02-27T07:58:41","modified_gmt":"2015-02-27T10:58:41","slug":"pina-programa-de-incentivo-a-aprendizagem","status":"publish","type":"post","link":"https:\/\/www.ifbaiano.edu.br\/unidades\/santaines\/pina-programa-de-incentivo-a-aprendizagem\/","title":{"rendered":"PINA &#8211; Programa de Incentivo \u00e0  Aprendizagem"},"content":{"rendered":"<p style=\"text-align: left\">O Diretor Geral do Instituto Federal de Educa\u00e7\u00e3o, Ci\u00eancia e Tecnologia Baiano \u2013 IF Baiano Campus Santa In\u00eas, por meio da Comiss\u00e3o de Assist\u00eancia Estudantil, respons\u00e1vel pela Implanta\u00e7\u00e3o, Execu\u00e7\u00e3o, Acompanhamento e Avalia\u00e7\u00e3o da Pol\u00edtica da Assist\u00eancia Estudantil deste Campus, torna p\u00fablico que est\u00e3o abertas as inscri\u00e7\u00f5es para sele\u00e7\u00e3o de Projetos de Incentivo \u00e0 Aprendizagem que contemplem estudantes em situa\u00e7\u00e3o de vulnerabilidade socioecon\u00f4mica, no per\u00edodo de 02 a 13 de mar\u00e7o \u00a0 \u00a0 \u00a0 \u00a0 \u00a0 \u00a0\u00a0 de 2015.<\/p>\n<p style=\"text-align: left\"><em><strong><a href=\"http:\/\/www.ifbaiano.edu.br\/unidades\/santaines\/files\/2015\/02\/editalpina2015.pdf\">CONFIRA O EDITAL <\/a><\/strong><\/em><\/p>\n","protected":false},"excerpt":{"rendered":"<p>14\/02\/2015 &#8211; Informamos a toda comunidade que se encontra publicado o edital para o programa de incentivo \u00e0 aprendizagem (pina) do IF Baiano \u2013 campus santa In\u00eas.<\/p>\n","protected":false},"author":1,"featured_media":0,"comment_status":"closed","ping_status":"closed","sticky":false,"template":"","format":"standard","meta":[],"categories":[4,11,10],"tags":[],"_links":{"self":[{"href":"https:\/\/www.ifbaiano.edu.br\/unidades\/santaines\/wp-json\/wp\/v2\/posts\/5291"}],"collection":[{"href":"https:\/\/www.ifbaiano.edu.br\/unidades\/santaines\/wp-json\/wp\/v2\/posts"}],"about":[{"href":"https:\/\/www.ifbaiano.edu.br\/unidades\/santaines\/wp-json\/wp\/v2\/types\/post"}],"author":[{"embeddable":true,"href":"https:\/\/www.ifbaiano.edu.br\/unidades\/santaines\/wp-json\/wp\/v2\/users\/1"}],"replies":[{"embeddable":true,"href":"https:\/\/www.ifbaiano.edu.br\/unidades\/santaines\/wp-json\/wp\/v2\/comments?post=5291"}],"version-history":[{"count":3,"href":"https:\/\/www.ifbaiano.edu.br\/unidades\/santaines\/wp-json\/wp\/v2\/posts\/5291\/revisions"}],"predecessor-version":[{"id":5294,"href":"https:\/\/www.ifbaiano.edu.br\/unidades\/santaines\/wp-json\/wp\/v2\/posts\/5291\/revisions\/5294"}],"wp:attachment":[{"href":"https:\/\/www.ifbaiano.edu.br\/unidades\/santaines\/wp-json\/wp\/v2\/media?parent=5291"}],"wp:term":[{"taxonomy":"category","embeddable":true,"href":"https:\/\/www.ifbaiano.edu.br\/unidades\/santaines\/wp-json\/wp\/v2\/categories?post=5291"},{"taxonomy":"post_tag","embeddable":true,"href":"https:\/\/www.ifbaiano.edu.br\/unidades\/santaines\/wp-json\/wp\/v2\/tags?post=5291"}],"curies":[{"name":"wp","href":"https:\/\/api.w.org\/{rel}","templated":true}]}}