{"id":5302,"date":"2015-02-27T10:26:49","date_gmt":"2015-02-27T13:26:49","guid":{"rendered":"http:\/\/www.ifbaiano.edu.br\/unidades\/santaines\/?p=5302"},"modified":"2015-02-27T10:50:19","modified_gmt":"2015-02-27T13:50:19","slug":"edital-092015-convocacao-de-alunos-matriculados-nos-cursos-superiores","status":"publish","type":"post","link":"https:\/\/www.ifbaiano.edu.br\/unidades\/santaines\/edital-092015-convocacao-de-alunos-matriculados-nos-cursos-superiores\/","title":{"rendered":"Edital 09\/2015: Convoca\u00e7\u00e3o de alunos matriculados nos cursos superiores"},"content":{"rendered":"<p>O Diretor Geral do Instituto Federal de Educa\u00e7\u00e3o, Ci\u00eancia e Tecnologia Baiano Campus Santa In\u00eas, no uso de suas atribui\u00e7\u00f5es legais (Portaria n\u00b0 370, de 9 de Abril de 2012, Portaria n\u00b0 406, de 19 de Abril de 2012), considerando as normas contidas na Organiza\u00e7\u00e3o Did\u00e1tica da Educa\u00e7\u00e3o Superior (vers\u00e3o revisada\/aprovada pela Resolu\u00e7\u00e3o n\u00b018 \u2013 Conselho Superior\/IF Baiano, 31 de Outubro de 2012), CONVOCA os alunos matriculados nos Cursos de Licenciatura em Biologia, Licenciatura em Geografia e Bacharelado em Zootecnia do IF Baiano, Campus Santa In\u00eas (rela\u00e7\u00e3o em anexo) para COMPARECER \u00e0 Secretaria de Registros Acad\u00eamicos do IF Baiano Campus Santa In\u00eas (Rodovia BR 420, Santa In\u00eas-Uba\u00edra, Km 2,5,Santa In\u00eas \u2013 BA) at\u00e9 as 17:30 horas do dia 02 de mar\u00e7o de 2015 para provimento imediato de sua vaga.<\/p>\n<p><a href=\"http:\/\/www.ifbaiano.edu.br\/unidades\/santaines\/files\/2015\/02\/edital-2015.pdf\">CONFIRA O EDITAL DE CONVOCA\u00c7\u00c3O<\/a><\/p>\n","protected":false},"excerpt":{"rendered":"<p>27\/02\/2015 &#8211; Convoca\u00e7\u00e3o de alunos matriculados nos cursos superiores para comparecimento<\/p>\n","protected":false},"author":1,"featured_media":0,"comment_status":"closed","ping_status":"closed","sticky":false,"template":"","format":"standard","meta":[],"categories":[4,12,10],"tags":[],"_links":{"self":[{"href":"https:\/\/www.ifbaiano.edu.br\/unidades\/santaines\/wp-json\/wp\/v2\/posts\/5302"}],"collection":[{"href":"https:\/\/www.ifbaiano.edu.br\/unidades\/santaines\/wp-json\/wp\/v2\/posts"}],"about":[{"href":"https:\/\/www.ifbaiano.edu.br\/unidades\/santaines\/wp-json\/wp\/v2\/types\/post"}],"author":[{"embeddable":true,"href":"https:\/\/www.ifbaiano.edu.br\/unidades\/santaines\/wp-json\/wp\/v2\/users\/1"}],"replies":[{"embeddable":true,"href":"https:\/\/www.ifbaiano.edu.br\/unidades\/santaines\/wp-json\/wp\/v2\/comments?post=5302"}],"version-history":[{"count":4,"href":"https:\/\/www.ifbaiano.edu.br\/unidades\/santaines\/wp-json\/wp\/v2\/posts\/5302\/revisions"}],"predecessor-version":[{"id":5305,"href":"https:\/\/www.ifbaiano.edu.br\/unidades\/santaines\/wp-json\/wp\/v2\/posts\/5302\/revisions\/5305"}],"wp:attachment":[{"href":"https:\/\/www.ifbaiano.edu.br\/unidades\/santaines\/wp-json\/wp\/v2\/media?parent=5302"}],"wp:term":[{"taxonomy":"category","embeddable":true,"href":"https:\/\/www.ifbaiano.edu.br\/unidades\/santaines\/wp-json\/wp\/v2\/categories?post=5302"},{"taxonomy":"post_tag","embeddable":true,"href":"https:\/\/www.ifbaiano.edu.br\/unidades\/santaines\/wp-json\/wp\/v2\/tags?post=5302"}],"curies":[{"name":"wp","href":"https:\/\/api.w.org\/{rel}","templated":true}]}}