{"id":5309,"date":"2015-02-27T15:18:37","date_gmt":"2015-02-27T18:18:37","guid":{"rendered":"http:\/\/www.ifbaiano.edu.br\/unidades\/santaines\/?p=5309"},"modified":"2015-02-27T15:18:37","modified_gmt":"2015-02-27T18:18:37","slug":"convite-neabi-encontro-sobre-educacao-sexualidade-e-diversidade-no-campus-santa-ines","status":"publish","type":"post","link":"https:\/\/www.ifbaiano.edu.br\/unidades\/santaines\/convite-neabi-encontro-sobre-educacao-sexualidade-e-diversidade-no-campus-santa-ines\/","title":{"rendered":"Convite NEABI:  Encontro sobre Educa\u00e7\u00e3o, Sexualidade e Diversidade no campus Santa In\u00eas"},"content":{"rendered":"<p>O NEABI do campus Santa In\u00eas tem o Prazer de convidar a tod@s a participarem do Encontro que discutir\u00e1 EDUCA\u00c7\u00c3O, SEXUALIDADE E DIVERSIDADE. O encontro acontecer\u00e1 no Audit\u00f3rio do Campus, no dia 03 de Mar\u00e7o de 2015 e contar\u00e1 com a participa\u00e7\u00e3o dos professores-pesquisadores de Institui\u00e7\u00f5es Estaduais de Ensino Superior da Bahia e est\u00e1 aberto a toda a comunidade.<br \/>\nAbaixo o resumo das propostas de discuss\u00e3o.<br \/>\nAguardamos a tod@s<\/p>\n<p>____________________________________________________________________________________<\/p>\n<p>T\u00edtulo da Proposta:<br \/>\n&#8211; Uma educa\u00e7\u00e3o para a diferen\u00e7a: Teoria Queer, conhecimento e educa\u00e7\u00e3o<br \/>\nPalestrante:<br \/>\n&#8211; Kleber Jos\u00e9 Fonseca Sim\u00f5es (UNEB)<br \/>\nResumo da Proposta:<br \/>\n&#8211; A apresenta\u00e7\u00e3o objetiva realizar uma apresenta\u00e7\u00e3o geral sobre os conte\u00fados da teoria queer que estabelecem cr\u00edticas e propostas para a educa\u00e7\u00e3o na contemporaneidade, refletindo sobre a gest\u00e3o\/regula\u00e7\u00e3o dos corpos no sistema capitalista que resultam na produ\u00e7\u00e3o de mecanismos de controle das formas de vida, donde a escola e a universidade participam ativamente neste processo.<\/p>\n<p>____________________________________________________________________________________<\/p>\n<p>T\u00edtulo da Proposta:<br \/>\n&#8211; Por Uma Escola sem Homofobia<br \/>\nPalestrante:<br \/>\n&#8211; Suzi de Almeida Vasconcelos Barboni (UEFS)<br \/>\nResumo da Proposta:<br \/>\n&#8211; A palestra prevista para o tempo de 1:30h tem como objetivo divulgar algumas informa\u00e7\u00f5es e conhecimento cient\u00edfico sobre diversidade sexual visando tanto auxiliar na promo\u00e7\u00e3o da sa\u00fade e \u00e0 cidadania da popula\u00e7\u00e3o LGBTTTIQ como na luta contra a homofobia e preconceitos, garantindo o reconhecimento da Diversidade Sexual e da Igualdade de G\u00eanero contribuindo para uma conviv\u00eancia pac\u00edfica e feliz na Escola. Os temas ser\u00e3o tratados de forma a \u201cminimizar o impacto da homossexualidade (<a href=\"http:\/\/educasemhomofobia.blogspot.com.br\/\" target=\"_blank\">http:\/\/educasemhomofobia.blogspot.com.br\/<\/a>) e da viol\u00eancia f\u00edsica e verbal, bullying e \u00a0humilha\u00e7\u00e3o contra a comunidade LGBT nas escolas, trabalhando de forma multidisciplinar com \u201cestudo de caso\u201d a partir fatos divulgados em artigos cient\u00edficos ou na m\u00eddia. A palestra ser\u00e1 marcada pelo olhar da Sa\u00fade P\u00fablica (com foco na Promo\u00e7\u00e3o da Sa\u00fade preconizada pelo SUS), dos valores da Bio\u00e9tica, das Identidades Sexuais de Leandro Colling e do Modelo Constela\u00e7\u00e3o Familiar de Bert Hellinger, despertando a no\u00e7\u00e3o de valores, de direitos por meio da \u00a0reflex\u00e3o. N\u00e3o ser\u00e3o usadas imagens de sexo, nudez, pornografia nem vocabul\u00e1rio de baixo cal\u00e3o, ou qualquer tipo de conte\u00fado ofensivo ou provoca\u00e7\u00f5es pol\u00edticas-religiosas ou material obsceno, podendo alunos de v\u00e1rias faixas et\u00e1rias e orienta\u00e7\u00f5es religiosas participarem. \u00a0Ao final da exposi\u00e7\u00e3o ser\u00e1 destinado o tempo de 30 minutos para as perguntas.<\/p>\n<p>&nbsp;<\/p>\n","protected":false},"excerpt":{"rendered":"<p>27\/02\/2015 &#8211; O encontro acontecer\u00e1 no Audit\u00f3rio do Campus, no dia 03 de Mar\u00e7o de 2015.<\/p>\n","protected":false},"author":1,"featured_media":0,"comment_status":"closed","ping_status":"closed","sticky":false,"template":"","format":"standard","meta":[],"categories":[38,19,10],"tags":[],"_links":{"self":[{"href":"https:\/\/www.ifbaiano.edu.br\/unidades\/santaines\/wp-json\/wp\/v2\/posts\/5309"}],"collection":[{"href":"https:\/\/www.ifbaiano.edu.br\/unidades\/santaines\/wp-json\/wp\/v2\/posts"}],"about":[{"href":"https:\/\/www.ifbaiano.edu.br\/unidades\/santaines\/wp-json\/wp\/v2\/types\/post"}],"author":[{"embeddable":true,"href":"https:\/\/www.ifbaiano.edu.br\/unidades\/santaines\/wp-json\/wp\/v2\/users\/1"}],"replies":[{"embeddable":true,"href":"https:\/\/www.ifbaiano.edu.br\/unidades\/santaines\/wp-json\/wp\/v2\/comments?post=5309"}],"version-history":[{"count":4,"href":"https:\/\/www.ifbaiano.edu.br\/unidades\/santaines\/wp-json\/wp\/v2\/posts\/5309\/revisions"}],"predecessor-version":[{"id":5318,"href":"https:\/\/www.ifbaiano.edu.br\/unidades\/santaines\/wp-json\/wp\/v2\/posts\/5309\/revisions\/5318"}],"wp:attachment":[{"href":"https:\/\/www.ifbaiano.edu.br\/unidades\/santaines\/wp-json\/wp\/v2\/media?parent=5309"}],"wp:term":[{"taxonomy":"category","embeddable":true,"href":"https:\/\/www.ifbaiano.edu.br\/unidades\/santaines\/wp-json\/wp\/v2\/categories?post=5309"},{"taxonomy":"post_tag","embeddable":true,"href":"https:\/\/www.ifbaiano.edu.br\/unidades\/santaines\/wp-json\/wp\/v2\/tags?post=5309"}],"curies":[{"name":"wp","href":"https:\/\/api.w.org\/{rel}","templated":true}]}}