{"id":5319,"date":"2015-03-03T17:05:50","date_gmt":"2015-03-03T20:05:50","guid":{"rendered":"http:\/\/www.ifbaiano.edu.br\/unidades\/santaines\/?p=5319"},"modified":"2015-03-03T17:10:28","modified_gmt":"2015-03-03T20:10:28","slug":"i-semana-de-geografia-do-if-baiano","status":"publish","type":"post","link":"https:\/\/www.ifbaiano.edu.br\/unidades\/santaines\/i-semana-de-geografia-do-if-baiano\/","title":{"rendered":"I Semana de Geografia do IF Baiano Campus Santa In\u00eas"},"content":{"rendered":"<p>&nbsp;<\/p>\n<p><a href=\"http:\/\/www.ifbaiano.edu.br\/unidades\/santaines\/files\/2015\/03\/Slide1.png\"><br \/>\n<\/a><a href=\"http:\/\/www.ifbaiano.edu.br\/unidades\/santaines\/files\/2015\/03\/Normas-para-apresentacao-de-trabalho.pdf\">Normas para apresenta\u00e7\u00e3o de trabalho<\/a><\/p>\n<p><a href=\"http:\/\/www.ifbaiano.edu.br\/unidades\/santaines\/files\/2015\/03\/Ficha-de-Inscri-I-Semana-de-Geografia-IF.pdf\">Ficha de Inscri\u00e7\u00e3o<\/a><\/p>\n<p><a href=\"http:\/\/isemanadegeografiaifsi.blogspot.com.br\/\">Fa\u00e7a sua inscri\u00e7\u00e3o e confira a programa\u00e7\u00e3o<\/a><\/p>\n<p style=\"text-align: center\"><a href=\"http:\/\/www.ifbaiano.edu.br\/unidades\/santaines\/files\/2015\/03\/Slide15.jpg\"><img decoding=\"async\" loading=\"lazy\" class=\"aligncenter\" src=\"http:\/\/www.ifbaiano.edu.br\/unidades\/santaines\/files\/2015\/03\/Slide15-300x225.jpg\" alt=\"\" width=\"300\" height=\"225\" \/><\/a><a href=\"http:\/\/www.ifbaiano.edu.br\/unidades\/santaines\/files\/2015\/03\/Slide15.jpg\"><br \/>\n<\/a><a href=\"http:\/\/www.ifbaiano.edu.br\/unidades\/santaines\/files\/2015\/03\/Slide11.png\"><img decoding=\"async\" loading=\"lazy\" class=\"size-medium wp-image-5333 aligncenter\" src=\"http:\/\/www.ifbaiano.edu.br\/unidades\/santaines\/files\/2015\/03\/Slide11-300x225.png\" alt=\"\" width=\"300\" height=\"225\" srcset=\"https:\/\/www.ifbaiano.edu.br\/unidades\/santaines\/files\/2015\/03\/Slide11-300x225.png 300w, https:\/\/www.ifbaiano.edu.br\/unidades\/santaines\/files\/2015\/03\/Slide11-400x300.png 400w, https:\/\/www.ifbaiano.edu.br\/unidades\/santaines\/files\/2015\/03\/Slide11.png 960w\" sizes=\"(max-width: 300px) 100vw, 300px\" \/><\/a><a href=\"http:\/\/www.ifbaiano.edu.br\/unidades\/santaines\/files\/2015\/03\/Slide14.jpg\"><br \/>\n<\/a><a href=\"http:\/\/www.ifbaiano.edu.br\/unidades\/santaines\/files\/2015\/03\/Slide13.jpg\"><br \/>\n<\/a> \u00a0 \u00a0 \u00a0 \u00a0 \u00a0 \u00a0 \u00a0 \u00a0 \u00a0 \u00a0 \u00a0 \u00a0 \u00a0 \u00a0 \u00a0 \u00a0 \u00a0 \u00a0 \u00a0 \u00a0 \u00a0 \u00a0 \u00a0 \u00a0 \u00a0 \u00a0 \u00a0 \u00a0 \u00a0 \u00a0 \u00a0 \u00a0 \u00a0 \u00a0 \u00a0 \u00a0 \u00a0 \u00a0 \u00a0 \u00a0 \u00a0 \u00a0 \u00a0 \u00a0 \u00a0 \u00a0 \u00a0 \u00a0 \u00a0 \u00a0 \u00a0 \u00a0 \u00a0 \u00a0 \u00a0 \u00a0 \u00a0 \u00a0 \u00a0 \u00a0 \u00a0 \u00a0 \u00a0 \u00a0 \u00a0 \u00a0 \u00a0 \u00a0 \u00a0 \u00a0 \u00a0 \u00a0 \u00a0 \u00a0 \u00a0 \u00a0 \u00a0 \u00a0 \u00a0 \u00a0 \u00a0 \u00a0\u00a0<a href=\"http:\/\/www.ifbaiano.edu.br\/unidades\/santaines\/files\/2015\/03\/Slide11.jpg\"><br \/>\n<\/a>\u00a0 \u00a0 \u00a0 \u00a0 \u00a0 \u00a0 \u00a0 \u00a0 \u00a0 \u00a0 \u00a0 \u00a0 \u00a0 \u00a0 \u00a0 \u00a0 \u00a0 \u00a0 \u00a0 \u00a0 \u00a0 \u00a0 \u00a0 \u00a0 \u00a0 \u00a0 \u00a0 \u00a0 \u00a0 \u00a0 \u00a0 \u00a0 \u00a0 \u00a0 \u00a0 \u00a0 \u00a0 \u00a0 \u00a0 \u00a0 \u00a0 \u00a0 \u00a0<a href=\"http:\/\/www.ifbaiano.edu.br\/unidades\/santaines\/files\/2015\/03\/Slide12.jpg\"><br \/>\n<\/a><\/p>\n<p>&nbsp;<\/p>\n<p>&nbsp;<\/p>\n<p>&nbsp;<\/p>\n<p>&nbsp;<\/p>\n<p>&nbsp;<\/p>\n<p>&nbsp;<\/p>\n<p>&nbsp;<\/p>\n<p>&nbsp;<\/p>\n","protected":false},"excerpt":{"rendered":"<p>03\/03\/2015 &#8211; O evento acontecer\u00e1 no per\u00edodo de 11 a 13 de mar\u00e7o de 2015.<\/p>\n","protected":false},"author":1,"featured_media":0,"comment_status":"closed","ping_status":"closed","sticky":false,"template":"","format":"standard","meta":[],"categories":[4,19,20,12,5,10],"tags":[],"_links":{"self":[{"href":"https:\/\/www.ifbaiano.edu.br\/unidades\/santaines\/wp-json\/wp\/v2\/posts\/5319"}],"collection":[{"href":"https:\/\/www.ifbaiano.edu.br\/unidades\/santaines\/wp-json\/wp\/v2\/posts"}],"about":[{"href":"https:\/\/www.ifbaiano.edu.br\/unidades\/santaines\/wp-json\/wp\/v2\/types\/post"}],"author":[{"embeddable":true,"href":"https:\/\/www.ifbaiano.edu.br\/unidades\/santaines\/wp-json\/wp\/v2\/users\/1"}],"replies":[{"embeddable":true,"href":"https:\/\/www.ifbaiano.edu.br\/unidades\/santaines\/wp-json\/wp\/v2\/comments?post=5319"}],"version-history":[{"count":8,"href":"https:\/\/www.ifbaiano.edu.br\/unidades\/santaines\/wp-json\/wp\/v2\/posts\/5319\/revisions"}],"predecessor-version":[{"id":5335,"href":"https:\/\/www.ifbaiano.edu.br\/unidades\/santaines\/wp-json\/wp\/v2\/posts\/5319\/revisions\/5335"}],"wp:attachment":[{"href":"https:\/\/www.ifbaiano.edu.br\/unidades\/santaines\/wp-json\/wp\/v2\/media?parent=5319"}],"wp:term":[{"taxonomy":"category","embeddable":true,"href":"https:\/\/www.ifbaiano.edu.br\/unidades\/santaines\/wp-json\/wp\/v2\/categories?post=5319"},{"taxonomy":"post_tag","embeddable":true,"href":"https:\/\/www.ifbaiano.edu.br\/unidades\/santaines\/wp-json\/wp\/v2\/tags?post=5319"}],"curies":[{"name":"wp","href":"https:\/\/api.w.org\/{rel}","templated":true}]}}