{"id":5339,"date":"2015-03-05T17:39:26","date_gmt":"2015-03-05T20:39:26","guid":{"rendered":"http:\/\/www.ifbaiano.edu.br\/unidades\/santaines\/?p=5339"},"modified":"2015-03-05T17:43:43","modified_gmt":"2015-03-05T20:43:43","slug":"2a-chamada-publica-cursos-superiores-campus-santa-ines","status":"publish","type":"post","link":"https:\/\/www.ifbaiano.edu.br\/unidades\/santaines\/2a-chamada-publica-cursos-superiores-campus-santa-ines\/","title":{"rendered":"2\u00aa Chamada P\u00fablica para VAGAS DOS CURSOS SUPERIORES do IFBaiano &#8211; Campus Santa In\u00eas"},"content":{"rendered":"<pre><strong><span style=\"font-family: Georgia, 'Times New Roman', 'Bitstream Charter', Times, serif;font-size: 13px;line-height: 19px\">2\u00aa Chamada P\u00fablica para Ocupa\u00e7\u00e3o de VAGAS DOS CURSOS SUPERIORES <\/span><\/strong><strong><span style=\"font-family: Georgia, 'Times New Roman', 'Bitstream Charter', Times, serif;font-size: 13px;line-height: 19px\">do\r\nIF Baiano - Campus Santa In\u00eas<\/span><\/strong><\/pre>\n<pre><strong><span style=\"font-family: Georgia, 'Times New Roman', 'Bitstream Charter', Times, serif;font-size: 13px;line-height: 19px\">Os candidatos dever\u00e3o comparecer no dia 09 de mar\u00e7o de 2015 \u00e0s 09 horas<\/span><\/strong><\/pre>\n<pre><strong><a title=\"Edital\" href=\"http:\/\/www.ifbaiano.edu.br\/unidades\/santaines\/files\/2015\/03\/edital_n_11.pdf\" target=\"_blank\">ACESSAR EDITAL<\/a><\/strong><\/pre>\n","protected":false},"excerpt":{"rendered":"<p>2\u00aa Chamada P\u00fablica para Ocupa\u00e7\u00e3o de<br \/>\nVAGAS DOS CURSOS SUPERIORES do IF Baiano &#8211; Campus Santa In\u00eas<br \/>\nOs candidatos dever\u00e3o comparecer no dia 09 de mar\u00e7o de 2015, \u00e0s 09 horas<\/p>\n","protected":false},"author":7,"featured_media":0,"comment_status":"closed","ping_status":"closed","sticky":false,"template":"","format":"standard","meta":[],"categories":[4,5,10],"tags":[],"_links":{"self":[{"href":"https:\/\/www.ifbaiano.edu.br\/unidades\/santaines\/wp-json\/wp\/v2\/posts\/5339"}],"collection":[{"href":"https:\/\/www.ifbaiano.edu.br\/unidades\/santaines\/wp-json\/wp\/v2\/posts"}],"about":[{"href":"https:\/\/www.ifbaiano.edu.br\/unidades\/santaines\/wp-json\/wp\/v2\/types\/post"}],"author":[{"embeddable":true,"href":"https:\/\/www.ifbaiano.edu.br\/unidades\/santaines\/wp-json\/wp\/v2\/users\/7"}],"replies":[{"embeddable":true,"href":"https:\/\/www.ifbaiano.edu.br\/unidades\/santaines\/wp-json\/wp\/v2\/comments?post=5339"}],"version-history":[{"count":4,"href":"https:\/\/www.ifbaiano.edu.br\/unidades\/santaines\/wp-json\/wp\/v2\/posts\/5339\/revisions"}],"predecessor-version":[{"id":5344,"href":"https:\/\/www.ifbaiano.edu.br\/unidades\/santaines\/wp-json\/wp\/v2\/posts\/5339\/revisions\/5344"}],"wp:attachment":[{"href":"https:\/\/www.ifbaiano.edu.br\/unidades\/santaines\/wp-json\/wp\/v2\/media?parent=5339"}],"wp:term":[{"taxonomy":"category","embeddable":true,"href":"https:\/\/www.ifbaiano.edu.br\/unidades\/santaines\/wp-json\/wp\/v2\/categories?post=5339"},{"taxonomy":"post_tag","embeddable":true,"href":"https:\/\/www.ifbaiano.edu.br\/unidades\/santaines\/wp-json\/wp\/v2\/tags?post=5339"}],"curies":[{"name":"wp","href":"https:\/\/api.w.org\/{rel}","templated":true}]}}