{"id":5345,"date":"2015-03-11T07:56:49","date_gmt":"2015-03-11T10:56:49","guid":{"rendered":"http:\/\/www.ifbaiano.edu.br\/unidades\/santaines\/?p=5345"},"modified":"2015-03-11T12:41:29","modified_gmt":"2015-03-11T15:41:29","slug":"premiacao-de-estudante-na-obmep","status":"publish","type":"post","link":"https:\/\/www.ifbaiano.edu.br\/unidades\/santaines\/premiacao-de-estudante-na-obmep\/","title":{"rendered":"Premia\u00e7\u00e3o de estudante na OBMEP"},"content":{"rendered":"<p>Premia\u00e7\u00e3o de tr\u00eas estudantes do campus Santa In\u00eas na 10\u00aa OBMEP, realizada ano passado: Andr\u00e9 Gon\u00e7alves Gomes; Caio Fran\u00e7a dos Santos e Hermerson Oliveira Eloi.<\/p>\n<p><a href=\"http:\/\/ifbembaiano.blogspot.com.br\/2015\/03\/professor-e-estudantes-se-preparam-para.html#more\">Acesse a mat\u00e9ria completa.<\/a><\/p>\n<p><a href=\"http:\/\/www.obmep.org.br\/calendario.html\">Calend\u00e1rio da 11\u00aa OBMEP &#8211; 2015<\/a><\/p>\n<p>Coordenador da OBMEP no campus: Get\u00falio Rocha Silva.<\/p>\n<p>&nbsp;<\/p>\n","protected":false},"excerpt":{"rendered":"<p>11\/03\/2015- Premia\u00e7\u00e3o de tr\u00eas estudantes do campus Santa In\u00eas na 10\u00aa OBMEP, realizada ano passado: Andr\u00e9 Gon\u00e7alves Gomes; Caio Fran\u00e7a dos Santos e Hermerson Oliveira Eloi.<\/p>\n","protected":false},"author":1,"featured_media":0,"comment_status":"closed","ping_status":"closed","sticky":false,"template":"","format":"standard","meta":[],"categories":[4,13,5,10],"tags":[],"_links":{"self":[{"href":"https:\/\/www.ifbaiano.edu.br\/unidades\/santaines\/wp-json\/wp\/v2\/posts\/5345"}],"collection":[{"href":"https:\/\/www.ifbaiano.edu.br\/unidades\/santaines\/wp-json\/wp\/v2\/posts"}],"about":[{"href":"https:\/\/www.ifbaiano.edu.br\/unidades\/santaines\/wp-json\/wp\/v2\/types\/post"}],"author":[{"embeddable":true,"href":"https:\/\/www.ifbaiano.edu.br\/unidades\/santaines\/wp-json\/wp\/v2\/users\/1"}],"replies":[{"embeddable":true,"href":"https:\/\/www.ifbaiano.edu.br\/unidades\/santaines\/wp-json\/wp\/v2\/comments?post=5345"}],"version-history":[{"count":5,"href":"https:\/\/www.ifbaiano.edu.br\/unidades\/santaines\/wp-json\/wp\/v2\/posts\/5345\/revisions"}],"predecessor-version":[{"id":5348,"href":"https:\/\/www.ifbaiano.edu.br\/unidades\/santaines\/wp-json\/wp\/v2\/posts\/5345\/revisions\/5348"}],"wp:attachment":[{"href":"https:\/\/www.ifbaiano.edu.br\/unidades\/santaines\/wp-json\/wp\/v2\/media?parent=5345"}],"wp:term":[{"taxonomy":"category","embeddable":true,"href":"https:\/\/www.ifbaiano.edu.br\/unidades\/santaines\/wp-json\/wp\/v2\/categories?post=5345"},{"taxonomy":"post_tag","embeddable":true,"href":"https:\/\/www.ifbaiano.edu.br\/unidades\/santaines\/wp-json\/wp\/v2\/tags?post=5345"}],"curies":[{"name":"wp","href":"https:\/\/api.w.org\/{rel}","templated":true}]}}