{"id":5352,"date":"2015-03-12T16:12:54","date_gmt":"2015-03-12T19:12:54","guid":{"rendered":"http:\/\/www.ifbaiano.edu.br\/unidades\/santaines\/?p=5352"},"modified":"2015-03-12T16:12:54","modified_gmt":"2015-03-12T19:12:54","slug":"olimpiada-brasileira-de-matematica-das-escolas-publicas-obmep-2015","status":"publish","type":"post","link":"https:\/\/www.ifbaiano.edu.br\/unidades\/santaines\/olimpiada-brasileira-de-matematica-das-escolas-publicas-obmep-2015\/","title":{"rendered":"Olimp\u00edada Brasileira de Matem\u00e1tica das Escolas P\u00fablicas &#8211; OBMEP 2015"},"content":{"rendered":"<div>Aten\u00e7\u00e3o Estudantes! Vem a\u00ed a OBMEP 2015!<br \/>\n<strong>Inscri\u00e7\u00f5es at\u00e9 31 de mar\u00e7o de 2015<\/strong><br \/>\n2 de junho de 2015 &#8211; Provas da 1\u00aa Fase<strong>*<\/strong><br \/>\n12 de setembro de 2015 &#8211; Provas da 2\u00aa fase<strong>*<\/strong><\/div>\n<div><strong>*<\/strong>\u00a0<em>As provas ser\u00e3o realizadas independente do calend\u00e1rio escolar local.<\/em><\/div>\n","protected":false},"excerpt":{"rendered":"<p>12\/03\/2015 &#8211; Aten\u00e7\u00e3o Estudantes! Vem a\u00ed a OBMEP 2015!<br \/>\nInscri\u00e7\u00f5es at\u00e9 31 de mar\u00e7o de 2015<br \/>\n2 de junho de 2015 &#8211; Provas da 1\u00aa Fase*<br \/>\n12 de setembro de 2015 &#8211; Provas da 2\u00aa fase*<br \/>\n* As provas ser\u00e3o realizadas independente do calend\u00e1rio escolar local.<\/p>\n","protected":false},"author":1,"featured_media":0,"comment_status":"closed","ping_status":"closed","sticky":false,"template":"","format":"standard","meta":[],"categories":[4,5,23,10],"tags":[],"_links":{"self":[{"href":"https:\/\/www.ifbaiano.edu.br\/unidades\/santaines\/wp-json\/wp\/v2\/posts\/5352"}],"collection":[{"href":"https:\/\/www.ifbaiano.edu.br\/unidades\/santaines\/wp-json\/wp\/v2\/posts"}],"about":[{"href":"https:\/\/www.ifbaiano.edu.br\/unidades\/santaines\/wp-json\/wp\/v2\/types\/post"}],"author":[{"embeddable":true,"href":"https:\/\/www.ifbaiano.edu.br\/unidades\/santaines\/wp-json\/wp\/v2\/users\/1"}],"replies":[{"embeddable":true,"href":"https:\/\/www.ifbaiano.edu.br\/unidades\/santaines\/wp-json\/wp\/v2\/comments?post=5352"}],"version-history":[{"count":3,"href":"https:\/\/www.ifbaiano.edu.br\/unidades\/santaines\/wp-json\/wp\/v2\/posts\/5352\/revisions"}],"predecessor-version":[{"id":5359,"href":"https:\/\/www.ifbaiano.edu.br\/unidades\/santaines\/wp-json\/wp\/v2\/posts\/5352\/revisions\/5359"}],"wp:attachment":[{"href":"https:\/\/www.ifbaiano.edu.br\/unidades\/santaines\/wp-json\/wp\/v2\/media?parent=5352"}],"wp:term":[{"taxonomy":"category","embeddable":true,"href":"https:\/\/www.ifbaiano.edu.br\/unidades\/santaines\/wp-json\/wp\/v2\/categories?post=5352"},{"taxonomy":"post_tag","embeddable":true,"href":"https:\/\/www.ifbaiano.edu.br\/unidades\/santaines\/wp-json\/wp\/v2\/tags?post=5352"}],"curies":[{"name":"wp","href":"https:\/\/api.w.org\/{rel}","templated":true}]}}