{"id":5389,"date":"2015-03-17T15:06:51","date_gmt":"2015-03-17T18:06:51","guid":{"rendered":"http:\/\/www.ifbaiano.edu.br\/unidades\/santaines\/?p=5389"},"modified":"2015-03-17T15:26:28","modified_gmt":"2015-03-17T18:26:28","slug":"2-chamada-do-processo-seletivo-2015-medio-integrado","status":"publish","type":"post","link":"https:\/\/www.ifbaiano.edu.br\/unidades\/santaines\/2-chamada-do-processo-seletivo-2015-medio-integrado\/","title":{"rendered":"Rela\u00e7\u00e3o de candidatos convocados para a 2\u00aa Chamada das matr\u00edculas do processo seletivo 2015"},"content":{"rendered":"<p>Rela\u00e7\u00e3o de candidatos convocados para a 2\u00aa Chamada das matr\u00edculas do processo seletivo 2015, para ingresso de estudantes dos cursos T\u00e9cnicos em Agropecu\u00e1ria, Zootecnia e Alimentos, Integrados ao Ensino M\u00e9dio.<\/p>\n<p>As matr\u00edculas ocorrer\u00e3o nos dias 19 e 20 de Mar\u00e7o de 2015, das 8h \u00e0s 16h30, na Secretaria de Registros Acad\u00eamicos do Campus Santa In\u00eas \u2013 SRA.<\/p>\n<p>Endere\u00e7o: Rodovia BR 420 \u2013 KM 2,5 &#8211; Santa In\u00eas\/Uba\u00edra &#8211; Bahia Telefone: <a href=\"%2873%29%203536-1210\">(73) 3536-1210<\/a> &#8211; Ramal 109<\/p>\n<p><span style=\"color: #ff0000\"><a href=\"http:\/\/www.ifbaiano.edu.br\/unidades\/santaines\/files\/2015\/03\/2-chamada-Processo-seletivo-2015-Medio-Integrado.pdf\"><span style=\"color: #ff0000\">Acesse a lista dos convocados<\/span><\/a><\/span><\/p>\n","protected":false},"excerpt":{"rendered":"<p>17\/03\/2015 &#8211; As matr\u00edculas ocorrer\u00e3o nos dias 19 e 20 de Mar\u00e7o de 2015. <span style=\"color: #ff0000\"><a href=\"http:\/\/www.ifbaiano.edu.br\/unidades\/santaines\/files\/2015\/03\/2-chamada-Processo-seletivo-2015-Medio-Integrado.pdf\"><span style=\"color: #ff0000\">Acesse a lista dos convocados<\/span><\/a><\/span><\/p>\n","protected":false},"author":1,"featured_media":0,"comment_status":"closed","ping_status":"closed","sticky":false,"template":"","format":"standard","meta":[],"categories":[4,13,5,10,8],"tags":[],"_links":{"self":[{"href":"https:\/\/www.ifbaiano.edu.br\/unidades\/santaines\/wp-json\/wp\/v2\/posts\/5389"}],"collection":[{"href":"https:\/\/www.ifbaiano.edu.br\/unidades\/santaines\/wp-json\/wp\/v2\/posts"}],"about":[{"href":"https:\/\/www.ifbaiano.edu.br\/unidades\/santaines\/wp-json\/wp\/v2\/types\/post"}],"author":[{"embeddable":true,"href":"https:\/\/www.ifbaiano.edu.br\/unidades\/santaines\/wp-json\/wp\/v2\/users\/1"}],"replies":[{"embeddable":true,"href":"https:\/\/www.ifbaiano.edu.br\/unidades\/santaines\/wp-json\/wp\/v2\/comments?post=5389"}],"version-history":[{"count":5,"href":"https:\/\/www.ifbaiano.edu.br\/unidades\/santaines\/wp-json\/wp\/v2\/posts\/5389\/revisions"}],"predecessor-version":[{"id":5392,"href":"https:\/\/www.ifbaiano.edu.br\/unidades\/santaines\/wp-json\/wp\/v2\/posts\/5389\/revisions\/5392"}],"wp:attachment":[{"href":"https:\/\/www.ifbaiano.edu.br\/unidades\/santaines\/wp-json\/wp\/v2\/media?parent=5389"}],"wp:term":[{"taxonomy":"category","embeddable":true,"href":"https:\/\/www.ifbaiano.edu.br\/unidades\/santaines\/wp-json\/wp\/v2\/categories?post=5389"},{"taxonomy":"post_tag","embeddable":true,"href":"https:\/\/www.ifbaiano.edu.br\/unidades\/santaines\/wp-json\/wp\/v2\/tags?post=5389"}],"curies":[{"name":"wp","href":"https:\/\/api.w.org\/{rel}","templated":true}]}}