{"id":5434,"date":"2015-03-23T13:48:55","date_gmt":"2015-03-23T16:48:55","guid":{"rendered":"http:\/\/www.ifbaiano.edu.br\/unidades\/santaines\/?p=5434"},"modified":"2015-03-23T13:51:04","modified_gmt":"2015-03-23T16:51:04","slug":"relacao-de-candidatos-convocados-para-a-3-chamada-de-matriculas-do-processo-seletivo-2015","status":"publish","type":"post","link":"https:\/\/www.ifbaiano.edu.br\/unidades\/santaines\/relacao-de-candidatos-convocados-para-a-3-chamada-de-matriculas-do-processo-seletivo-2015\/","title":{"rendered":"Rela\u00e7\u00e3o de candidatos convocados para a 3\u00aa chamada de matr\u00edculas do processo seletivo 2015"},"content":{"rendered":"<p style=\"text-align: justify\">A rela\u00e7\u00e3o de candidatos aprovados, convocados para a 3\u00aa Chamada, ser\u00e1 correspondente ao quantitativo de candidatos 5 (cinco) vezes o n\u00famero de vagas ainda existente (vagas remanescentes), que ser\u00e3o pr\u00e9-matriculados pela ordem de classifica\u00e7\u00e3o at\u00e9 o preenchimento das vagas.<br \/>\nTodos os candidatos convocados devem comparecer at\u00e9 as 9h30 da manh\u00e3 do dia 27 de mar\u00e7o de 2015, na Secretaria de Registros Acad\u00eamicos do Campus Santa In\u00eas (SRA), ap\u00f3s esse hor\u00e1rio o candidato n\u00e3o\u00a0ter\u00e1 direito a pleitear a vaga. \u00a0Os convocados devem comparecer no local e hor\u00e1rio de matr\u00edcula munido de todos os documentos exigidos para realiza\u00e7\u00e3o da matr\u00edcula.<\/p>\n<p style=\"text-align: justify\"><span style=\"color: #ff0000\"><a href=\"http:\/\/www.ifbaiano.edu.br\/unidades\/santaines\/files\/2015\/03\/Chamada_Publica_Medio_Integrado.pdf\"><span style=\"color: #ff0000\">CONFIRA A LISTA DE CANDIDATOS CONVOCADOS<\/span><\/a><\/span><\/p>\n<p>Quantidade de Vagas:<\/p>\n<p>T\u00e9cnico em Agropecu\u00e1ria Integrado ao Ensino M\u00e9dio = 33 vagas<\/p>\n<p>T\u00e9cnico em Alimentos Integrado ao Ensino M\u00e9dio = 10 vagas<\/p>\n<p>T\u00e9cnico em Zootecnia Integrado ao Ensino M\u00e9dio = 13 vagas<\/p>\n","protected":false},"excerpt":{"rendered":"<p>23\/03\/2015 &#8211; Confira  a lista de convocados da 3\u00aa (terceira) chamada para a Matr\u00edcula dos candidatos aprovados nos Cursos T\u00e9cnicos em Agropecu\u00e1ria, Zootecnia e Alimentos Integrados ao Ensino M\u00e9dio.<\/p>\n","protected":false},"author":1,"featured_media":0,"comment_status":"closed","ping_status":"closed","sticky":false,"template":"","format":"standard","meta":[],"categories":[4,13,5,10,8],"tags":[],"_links":{"self":[{"href":"https:\/\/www.ifbaiano.edu.br\/unidades\/santaines\/wp-json\/wp\/v2\/posts\/5434"}],"collection":[{"href":"https:\/\/www.ifbaiano.edu.br\/unidades\/santaines\/wp-json\/wp\/v2\/posts"}],"about":[{"href":"https:\/\/www.ifbaiano.edu.br\/unidades\/santaines\/wp-json\/wp\/v2\/types\/post"}],"author":[{"embeddable":true,"href":"https:\/\/www.ifbaiano.edu.br\/unidades\/santaines\/wp-json\/wp\/v2\/users\/1"}],"replies":[{"embeddable":true,"href":"https:\/\/www.ifbaiano.edu.br\/unidades\/santaines\/wp-json\/wp\/v2\/comments?post=5434"}],"version-history":[{"count":3,"href":"https:\/\/www.ifbaiano.edu.br\/unidades\/santaines\/wp-json\/wp\/v2\/posts\/5434\/revisions"}],"predecessor-version":[{"id":5437,"href":"https:\/\/www.ifbaiano.edu.br\/unidades\/santaines\/wp-json\/wp\/v2\/posts\/5434\/revisions\/5437"}],"wp:attachment":[{"href":"https:\/\/www.ifbaiano.edu.br\/unidades\/santaines\/wp-json\/wp\/v2\/media?parent=5434"}],"wp:term":[{"taxonomy":"category","embeddable":true,"href":"https:\/\/www.ifbaiano.edu.br\/unidades\/santaines\/wp-json\/wp\/v2\/categories?post=5434"},{"taxonomy":"post_tag","embeddable":true,"href":"https:\/\/www.ifbaiano.edu.br\/unidades\/santaines\/wp-json\/wp\/v2\/tags?post=5434"}],"curies":[{"name":"wp","href":"https:\/\/api.w.org\/{rel}","templated":true}]}}