{"id":5523,"date":"2015-04-01T11:25:22","date_gmt":"2015-04-01T14:25:22","guid":{"rendered":"http:\/\/www.ifbaiano.edu.br\/unidades\/santaines\/?p=5523"},"modified":"2015-05-15T09:32:48","modified_gmt":"2015-05-15T12:32:48","slug":"1-seminario-do-prodocenciaif-baiano-campus-santa-ines","status":"publish","type":"post","link":"https:\/\/www.ifbaiano.edu.br\/unidades\/santaines\/1-seminario-do-prodocenciaif-baiano-campus-santa-ines\/","title":{"rendered":"1\u00ba Semin\u00e1rio do PRODOC\u00caNCIA\/IF BAIANO, Campus Santa In\u00eas"},"content":{"rendered":"<div>Na noite de 31 de mar\u00e7o de 2015 o Campus Santa In\u00eas realizou o seu 1\u00ba Semin\u00e1rio do PRODOC\u00caNCIA, objetivando implantar o Programa de Consolida\u00e7\u00e3o das Licenciaturas. O evento teve como tema &#8220;Forma\u00e7\u00e3o do\/a Professor\/a e Qualidade de Ensino&#8221; e foi destinado a professores em exerc\u00edcio e licenciandos de Geografia e Ci\u00eancia Biol\u00f3gicas.<\/div>\n<div>As palestras forma conferidas pelas Professoras Karine Nascimento Silva &#8211; PAFOR UESB\/Jequi\u00e9 e\u00a0Arlene Andrade Malta &#8211; <em>Campus<\/em> Santa In\u00eas.<\/div>\n<div>Bem avaliado pelos presentes, o evento, sem d\u00favida, marcar\u00e1 o in\u00edcio de um per\u00edodo de intensas constru\u00e7\u00f5es em prol da Forma\u00e7\u00e3o Docente.<\/div>\n<div><a href=\"http:\/\/www.ifbaiano.edu.br\/unidades\/santaines\/files\/2015\/04\/IMG_2133-ok.jpg\"><img decoding=\"async\" loading=\"lazy\" class=\"alignleft size-medium wp-image-5532\" src=\"http:\/\/www.ifbaiano.edu.br\/unidades\/santaines\/files\/2015\/04\/IMG_2133-ok-300x167.jpg\" alt=\"\" width=\"300\" height=\"167\" srcset=\"https:\/\/www.ifbaiano.edu.br\/unidades\/santaines\/files\/2015\/04\/IMG_2133-ok-300x167.jpg 300w, https:\/\/www.ifbaiano.edu.br\/unidades\/santaines\/files\/2015\/04\/IMG_2133-ok-400x223.jpg 400w, https:\/\/www.ifbaiano.edu.br\/unidades\/santaines\/files\/2015\/04\/IMG_2133-ok.jpg 800w\" sizes=\"(max-width: 300px) 100vw, 300px\" \/><\/a><a href=\"http:\/\/www.ifbaiano.edu.br\/unidades\/santaines\/files\/2015\/04\/IMG_2171-OK.jpg\"><img decoding=\"async\" loading=\"lazy\" class=\"alignleft size-medium wp-image-5533\" src=\"http:\/\/www.ifbaiano.edu.br\/unidades\/santaines\/files\/2015\/04\/IMG_2171-OK-300x184.jpg\" alt=\"\" width=\"300\" height=\"184\" srcset=\"https:\/\/www.ifbaiano.edu.br\/unidades\/santaines\/files\/2015\/04\/IMG_2171-OK-300x184.jpg 300w, https:\/\/www.ifbaiano.edu.br\/unidades\/santaines\/files\/2015\/04\/IMG_2171-OK-400x245.jpg 400w, https:\/\/www.ifbaiano.edu.br\/unidades\/santaines\/files\/2015\/04\/IMG_2171-OK.jpg 800w\" sizes=\"(max-width: 300px) 100vw, 300px\" \/><\/a><\/div>\n<div><a href=\"http:\/\/www.ifbaiano.edu.br\/unidades\/santaines\/files\/2015\/04\/IMG_2155-ok.jpg\"><img decoding=\"async\" loading=\"lazy\" class=\"alignleft size-medium wp-image-5535\" src=\"http:\/\/www.ifbaiano.edu.br\/unidades\/santaines\/files\/2015\/04\/IMG_2155-ok-300x174.jpg\" alt=\"\" width=\"300\" height=\"174\" srcset=\"https:\/\/www.ifbaiano.edu.br\/unidades\/santaines\/files\/2015\/04\/IMG_2155-ok-300x174.jpg 300w, https:\/\/www.ifbaiano.edu.br\/unidades\/santaines\/files\/2015\/04\/IMG_2155-ok-400x233.jpg 400w, https:\/\/www.ifbaiano.edu.br\/unidades\/santaines\/files\/2015\/04\/IMG_2155-ok.jpg 700w\" sizes=\"(max-width: 300px) 100vw, 300px\" \/><\/a><a href=\"http:\/\/www.ifbaiano.edu.br\/unidades\/santaines\/files\/2015\/04\/IMG_2137-ok.jpg\"><img decoding=\"async\" loading=\"lazy\" class=\"alignleft size-medium wp-image-5536\" src=\"http:\/\/www.ifbaiano.edu.br\/unidades\/santaines\/files\/2015\/04\/IMG_2137-ok-300x183.jpg\" alt=\"\" width=\"300\" height=\"183\" srcset=\"https:\/\/www.ifbaiano.edu.br\/unidades\/santaines\/files\/2015\/04\/IMG_2137-ok-300x183.jpg 300w, https:\/\/www.ifbaiano.edu.br\/unidades\/santaines\/files\/2015\/04\/IMG_2137-ok-400x244.jpg 400w, https:\/\/www.ifbaiano.edu.br\/unidades\/santaines\/files\/2015\/04\/IMG_2137-ok.jpg 800w\" sizes=\"(max-width: 300px) 100vw, 300px\" \/><\/a><\/div>\n<div><a href=\"http:\/\/www.ifbaiano.edu.br\/unidades\/santaines\/files\/2015\/04\/IMG_2161-ok.jpg\"><img decoding=\"async\" loading=\"lazy\" class=\"alignleft size-medium wp-image-5537\" src=\"http:\/\/www.ifbaiano.edu.br\/unidades\/santaines\/files\/2015\/04\/IMG_2161-ok-300x210.jpg\" alt=\"\" width=\"300\" height=\"210\" srcset=\"https:\/\/www.ifbaiano.edu.br\/unidades\/santaines\/files\/2015\/04\/IMG_2161-ok-300x210.jpg 300w, https:\/\/www.ifbaiano.edu.br\/unidades\/santaines\/files\/2015\/04\/IMG_2161-ok-400x281.jpg 400w, https:\/\/www.ifbaiano.edu.br\/unidades\/santaines\/files\/2015\/04\/IMG_2161-ok.jpg 800w\" sizes=\"(max-width: 300px) 100vw, 300px\" \/><\/a><a href=\"http:\/\/www.ifbaiano.edu.br\/unidades\/santaines\/files\/2015\/04\/IMG_2139-ok.jpg\"><img decoding=\"async\" loading=\"lazy\" class=\"alignleft size-medium wp-image-5539\" src=\"http:\/\/www.ifbaiano.edu.br\/unidades\/santaines\/files\/2015\/04\/IMG_2139-ok-300x225.jpg\" alt=\"\" width=\"300\" height=\"225\" srcset=\"https:\/\/www.ifbaiano.edu.br\/unidades\/santaines\/files\/2015\/04\/IMG_2139-ok-300x225.jpg 300w, https:\/\/www.ifbaiano.edu.br\/unidades\/santaines\/files\/2015\/04\/IMG_2139-ok-400x300.jpg 400w, https:\/\/www.ifbaiano.edu.br\/unidades\/santaines\/files\/2015\/04\/IMG_2139-ok.jpg 800w\" sizes=\"(max-width: 300px) 100vw, 300px\" \/><\/a><\/div>\n","protected":false},"excerpt":{"rendered":"<p>01\/04\/2015 &#8211; O evento ocorreu no dia 31 de mar\u00e7o de 2015<\/p>\n","protected":false},"author":1,"featured_media":0,"comment_status":"closed","ping_status":"closed","sticky":false,"template":"","format":"standard","meta":[],"categories":[4,37,10],"tags":[],"_links":{"self":[{"href":"https:\/\/www.ifbaiano.edu.br\/unidades\/santaines\/wp-json\/wp\/v2\/posts\/5523"}],"collection":[{"href":"https:\/\/www.ifbaiano.edu.br\/unidades\/santaines\/wp-json\/wp\/v2\/posts"}],"about":[{"href":"https:\/\/www.ifbaiano.edu.br\/unidades\/santaines\/wp-json\/wp\/v2\/types\/post"}],"author":[{"embeddable":true,"href":"https:\/\/www.ifbaiano.edu.br\/unidades\/santaines\/wp-json\/wp\/v2\/users\/1"}],"replies":[{"embeddable":true,"href":"https:\/\/www.ifbaiano.edu.br\/unidades\/santaines\/wp-json\/wp\/v2\/comments?post=5523"}],"version-history":[{"count":10,"href":"https:\/\/www.ifbaiano.edu.br\/unidades\/santaines\/wp-json\/wp\/v2\/posts\/5523\/revisions"}],"predecessor-version":[{"id":5525,"href":"https:\/\/www.ifbaiano.edu.br\/unidades\/santaines\/wp-json\/wp\/v2\/posts\/5523\/revisions\/5525"}],"wp:attachment":[{"href":"https:\/\/www.ifbaiano.edu.br\/unidades\/santaines\/wp-json\/wp\/v2\/media?parent=5523"}],"wp:term":[{"taxonomy":"category","embeddable":true,"href":"https:\/\/www.ifbaiano.edu.br\/unidades\/santaines\/wp-json\/wp\/v2\/categories?post=5523"},{"taxonomy":"post_tag","embeddable":true,"href":"https:\/\/www.ifbaiano.edu.br\/unidades\/santaines\/wp-json\/wp\/v2\/tags?post=5523"}],"curies":[{"name":"wp","href":"https:\/\/api.w.org\/{rel}","templated":true}]}}