{"id":5544,"date":"2015-04-01T21:58:05","date_gmt":"2015-04-02T00:58:05","guid":{"rendered":"http:\/\/www.ifbaiano.edu.br\/unidades\/santaines\/?p=5544"},"modified":"2015-05-15T09:32:40","modified_gmt":"2015-05-15T12:32:40","slug":"solenidade-de-formatura-da-1-turma-de-licenciatura-em-ciencias-biologicas","status":"publish","type":"post","link":"https:\/\/www.ifbaiano.edu.br\/unidades\/santaines\/solenidade-de-formatura-da-1-turma-de-licenciatura-em-ciencias-biologicas\/","title":{"rendered":"Solenidade de Formatura da 1\u00aa  Turma de Licenciatura em Ci\u00eancias Biol\u00f3gicas"},"content":{"rendered":"<p style=\"text-align: justify\">Aconteceu no \u00faltimo s\u00e1bado (28 de mar\u00e7o de 2015) na quadra poliesportiva do Instituto Federal Baiano <em>Campus<\/em> Santa In\u00eas, a formatura da 1\u00aa turma do curso de Licenciatura em Ci\u00eancias Biol\u00f3gicas.<\/p>\n<p style=\"text-align: justify\">O evento foi iniciado com a composi\u00e7\u00e3o da mesa de honra pelo Magn\u00edfico Reitor do Instituto Federal Baiano, Professor Geovane Barbosa do Nascimento; Pr\u00f3-Reitora de Ensino do Instituto Federal Baiano, Professora Daniele da Silva Matos; Diretor-Geral do <em>Campus<\/em> Santa In\u00eas, Professor Nelson Vieira da Silva Filho; Diretor Administrativo do <em>Campus<\/em> Santa In\u00eas, Professor Marco Antonio Reis Rodrigues; Diretora Acad\u00eamica, Professora Arlene Andrade Malta; Coordenador Geral de Ensino, Professor Rodrigo Oct\u00e1vio de Carvalho Junior; Coordenadora do Curso de Licenciatura em Ci\u00eancias Biol\u00f3gicas, Professora Rosineide Braz Santos Fonseca; pela Paraninfa da Turma Professora Camila Fonseca Lopes Brand\u00e3o e pelo Patrono da Turma, Vossa Excel\u00eancia o Prefeito da Cidade de Santa In\u00eas Jos\u00e9 Afr\u00e2nio Braga Pinheiro.<\/p>\n<p style=\"text-align: justify\">Em seguida, os licenciandos, Adoniran Carvalho Ribeiro; Ariany Fontana Ribas; Elidiane Carvalho Ribeiro; Elismonica Seixas Dourado Falc\u00e3o; Jo\u00e2nison Vicente dos Santos Teixeira; Jotelma Oliveira dos Santos; La\u00edsa Abade de Almeida; Mariele Santos Valentim; Nadilton Almeida de Andrade; Patrick Ramon dos Santos Lug\u00e3o, subiram ao palco e, juntamente com a mesa e com toda a comunidade presente, acompanharam, de p\u00e9, a execu\u00e7\u00e3o do Hino Nacional.<\/p>\n<p style=\"text-align: justify\">Procedeu-se a fala do Magn\u00edfico Reitor, que declarou aberta a Sess\u00e3o Solene de Cola\u00e7\u00e3o de Grau do Curso Superior de Licenciatura em Ci\u00eancias Biol\u00f3gicas e que, ap\u00f3s a realiza\u00e7\u00e3o do juramento pelos formandos, efetivou a Outorga de Grau.<\/p>\n<p style=\"text-align: justify\">O Orador da Turma Nadilton Almeida de Andrade em seu discurso fez uma breve retrospectiva dos acontecimentos nacionais e internacionais que ocorreram nos \u00faltimos 5 anos\u00a0 e da trajet\u00f3ria dos formandos no curso, ressaltando o processo de forma\u00e7\u00e3o dos mesmos e a supera\u00e7\u00e3o das dificuldades.<\/p>\n<p style=\"text-align: justify\">As homenagens foram concretizadas com a entrega de uma placa de acr\u00edlico com a imagem dos formandos a Professora Rosineide Braz Santos Fonseca (Nome da Turma); Professora Camila Fonseca Lopes Brand\u00e3o (Paraninfa da Turma); Vossa Excel\u00eancia, o Sr Jos\u00e9 Afr\u00e2nio Braga Pinheiro (Patrono da Turma); Professores Arlene Andrade Malta, Igor Silva dos Santos, Lidiane Karla Xisto Oliveira, Patr\u00edcia Oliveira dos Santos, Patr\u00edcia Carla Alves Pena, Vivian Fransozo Cunha (Professores Homenageados); Funcion\u00e1rio Sr Leonel Augusto Braga Oliveira (Funcion\u00e1rio Homenageado); Sra Ana Paula Souza dos Santos Coelho (Amiga da Turma) e, por fim, a Coordenadora do Curso, Professora Rosineide Braz Santos Fonseca, representando o <em>Campus, <\/em>homenageou o Professor Natanaildo Barbosa Fernandes, pela implanta\u00e7\u00e3o do Curso de Licenciatura em Ci\u00eancias Biol\u00f3gicas, gesto de coragem, que hoje colhemos os frutos atrav\u00e9s da formatura da primeira turma.<\/p>\n<p style=\"text-align: justify\">Os discursos foram ladeados de muita emo\u00e7\u00e3o e todos felicitaram os formandos pela conquista, al\u00e9m de trazer conselhos para a nova fase que se inicia e enaltecer a qualidade do curso realizado.<\/p>\n<p style=\"text-align: justify\">\u00a0\u201c&#8230;Tenham certeza que nossa sociedade esta afoita por v\u00ea-los em atividade, trabalhando, aplicado os conhecimentos os quais de hoje em diante voc\u00eas s\u00e3o os respons\u00e1veis por repassar e retransmitir. Sejam os formadores de opini\u00e3o que a sociedade espera de voc\u00eas. Sejam \u00e9ticos, n\u00e3o s\u00f3 no discurso, mas tamb\u00e9m nas atitudes. Fa\u00e7am da \u00e9tica uma bandeira. N\u00f3s precisamos disso. A sociedade precisa disto&#8230;\u201d (Paraninfa a Professora Camila Fonseca Lopes Brand\u00e3o)<\/p>\n<p style=\"text-align: justify\">&#8220;&#8230;Entretanto, momentos como esse, nos faz recarregar as energias, pelo simples fato de saber que estamos no caminho certo&#8230;&#8221; (Diretor-Geral do Campus Santa In\u00eas, Professor Nelson Vieira da Silva Filho)<\/p>\n<p style=\"text-align: justify\">\u201c&#8230;Esta noite n\u00e3o \u00e9 apenas um ponto de chegada, mas de partida para novas aventuras, em que voc\u00eas ser\u00e3o amparados pelos seus conhecimentos, pelas suas convic\u00e7\u00f5es e habilidades&#8230; Que este diploma seja um passaporte para al\u00e7ar voos cada vez mais altos. Que possam contribuir com o desenvolvimento regional, sobretudo no que tange aos aspectos educacionais e de sustentabilidade ambiental&#8230;\u201d(Coordenadora do Curso e Nome da Turma, Professora Rosineide Braz Santos Fonseca)<\/p>\n<p style=\"text-align: justify\">A cerim\u00f4nia foi encerrada pelo Magn\u00edfico Reitor do Instituto Federal Baiano, Professor Geovane Barbosa do Nascimento, o qual parabenizou os formandos e o <em>Campus<\/em> Santa In\u00eas.<\/p>\n<p style=\"text-align: justify\"><a href=\"http:\/\/www.ifbaiano.edu.br\/unidades\/santaines\/files\/2015\/04\/thumb_10350335_845219792206931_713536794722112229_n_1024.jpg\"><img decoding=\"async\" loading=\"lazy\" class=\"alignleft size-medium wp-image-5545\" src=\"http:\/\/www.ifbaiano.edu.br\/unidades\/santaines\/files\/2015\/04\/thumb_10350335_845219792206931_713536794722112229_n_1024-300x159.jpg\" alt=\"\" width=\"300\" height=\"159\" srcset=\"https:\/\/www.ifbaiano.edu.br\/unidades\/santaines\/files\/2015\/04\/thumb_10350335_845219792206931_713536794722112229_n_1024-300x159.jpg 300w, https:\/\/www.ifbaiano.edu.br\/unidades\/santaines\/files\/2015\/04\/thumb_10350335_845219792206931_713536794722112229_n_1024-400x212.jpg 400w, https:\/\/www.ifbaiano.edu.br\/unidades\/santaines\/files\/2015\/04\/thumb_10350335_845219792206931_713536794722112229_n_1024.jpg 737w\" sizes=\"(max-width: 300px) 100vw, 300px\" \/><\/a><a href=\"http:\/\/www.ifbaiano.edu.br\/unidades\/santaines\/files\/2015\/04\/thumb_20822_845222075540036_3743824716866507236_n_10245.jpg\"><img decoding=\"async\" loading=\"lazy\" class=\"alignleft size-medium wp-image-5551\" src=\"http:\/\/www.ifbaiano.edu.br\/unidades\/santaines\/files\/2015\/04\/thumb_20822_845222075540036_3743824716866507236_n_10245-300x162.jpg\" alt=\"\" width=\"300\" height=\"162\" srcset=\"https:\/\/www.ifbaiano.edu.br\/unidades\/santaines\/files\/2015\/04\/thumb_20822_845222075540036_3743824716866507236_n_10245-300x162.jpg 300w, https:\/\/www.ifbaiano.edu.br\/unidades\/santaines\/files\/2015\/04\/thumb_20822_845222075540036_3743824716866507236_n_10245-400x217.jpg 400w, https:\/\/www.ifbaiano.edu.br\/unidades\/santaines\/files\/2015\/04\/thumb_20822_845222075540036_3743824716866507236_n_10245.jpg 960w\" sizes=\"(max-width: 300px) 100vw, 300px\" \/><\/a><\/p>\n<p style=\"text-align: justify\"><a href=\"http:\/\/www.ifbaiano.edu.br\/unidades\/santaines\/files\/2015\/04\/10473574_845214062207504_8761061588363941193_n.jpg\"><img decoding=\"async\" loading=\"lazy\" class=\"alignleft size-medium wp-image-5552\" src=\"http:\/\/www.ifbaiano.edu.br\/unidades\/santaines\/files\/2015\/04\/10473574_845214062207504_8761061588363941193_n-300x176.jpg\" alt=\"\" width=\"300\" height=\"176\" srcset=\"https:\/\/www.ifbaiano.edu.br\/unidades\/santaines\/files\/2015\/04\/10473574_845214062207504_8761061588363941193_n-300x176.jpg 300w, https:\/\/www.ifbaiano.edu.br\/unidades\/santaines\/files\/2015\/04\/10473574_845214062207504_8761061588363941193_n-400x235.jpg 400w, https:\/\/www.ifbaiano.edu.br\/unidades\/santaines\/files\/2015\/04\/10473574_845214062207504_8761061588363941193_n.jpg 960w\" sizes=\"(max-width: 300px) 100vw, 300px\" \/><\/a><a href=\"http:\/\/www.ifbaiano.edu.br\/unidades\/santaines\/files\/2015\/04\/thumb_11080880_845222282206682_3884901424091053316_n_1024.jpg\"><img decoding=\"async\" loading=\"lazy\" class=\"alignleft size-medium wp-image-5553\" src=\"http:\/\/www.ifbaiano.edu.br\/unidades\/santaines\/files\/2015\/04\/thumb_11080880_845222282206682_3884901424091053316_n_1024-300x200.jpg\" alt=\"\" width=\"300\" height=\"200\" srcset=\"https:\/\/www.ifbaiano.edu.br\/unidades\/santaines\/files\/2015\/04\/thumb_11080880_845222282206682_3884901424091053316_n_1024-300x200.jpg 300w, https:\/\/www.ifbaiano.edu.br\/unidades\/santaines\/files\/2015\/04\/thumb_11080880_845222282206682_3884901424091053316_n_1024-400x266.jpg 400w, https:\/\/www.ifbaiano.edu.br\/unidades\/santaines\/files\/2015\/04\/thumb_11080880_845222282206682_3884901424091053316_n_1024.jpg 960w\" sizes=\"(max-width: 300px) 100vw, 300px\" \/><\/a><\/p>\n<p style=\"text-align: justify\"><a href=\"http:\/\/www.ifbaiano.edu.br\/unidades\/santaines\/files\/2015\/04\/984303_845220302206880_74930343641505989_n6.jpg\"><img decoding=\"async\" loading=\"lazy\" class=\"alignleft size-medium wp-image-5560\" src=\"http:\/\/www.ifbaiano.edu.br\/unidades\/santaines\/files\/2015\/04\/984303_845220302206880_74930343641505989_n6-300x210.jpg\" alt=\"\" width=\"300\" height=\"210\" srcset=\"https:\/\/www.ifbaiano.edu.br\/unidades\/santaines\/files\/2015\/04\/984303_845220302206880_74930343641505989_n6-300x210.jpg 300w, https:\/\/www.ifbaiano.edu.br\/unidades\/santaines\/files\/2015\/04\/984303_845220302206880_74930343641505989_n6-400x280.jpg 400w, https:\/\/www.ifbaiano.edu.br\/unidades\/santaines\/files\/2015\/04\/984303_845220302206880_74930343641505989_n6.jpg 960w\" sizes=\"(max-width: 300px) 100vw, 300px\" \/><\/a><\/p>\n<p style=\"text-align: justify\"><a href=\"http:\/\/www.ifbaiano.edu.br\/unidades\/santaines\/files\/2015\/04\/11018335_845218678873709_8922462447023310615_n.jpg\"><img decoding=\"async\" loading=\"lazy\" class=\"alignleft size-medium wp-image-5562\" src=\"http:\/\/www.ifbaiano.edu.br\/unidades\/santaines\/files\/2015\/04\/11018335_845218678873709_8922462447023310615_n-300x256.jpg\" alt=\"\" width=\"300\" height=\"256\" srcset=\"https:\/\/www.ifbaiano.edu.br\/unidades\/santaines\/files\/2015\/04\/11018335_845218678873709_8922462447023310615_n-300x256.jpg 300w, https:\/\/www.ifbaiano.edu.br\/unidades\/santaines\/files\/2015\/04\/11018335_845218678873709_8922462447023310615_n-400x342.jpg 400w, https:\/\/www.ifbaiano.edu.br\/unidades\/santaines\/files\/2015\/04\/11018335_845218678873709_8922462447023310615_n.jpg 960w\" sizes=\"(max-width: 300px) 100vw, 300px\" \/><\/a><\/p>\n","protected":false},"excerpt":{"rendered":"<p>01\/04\/2015 &#8211; Aconteceu no \u00faltimo s\u00e1bado (28 de mar\u00e7o de 2015) na quadra poliesportiva do Instituto Federal Baiano Campus Santa In\u00eas, a formatura da 1\u00aa turma do curso de Licenciatura em Ci\u00eancias Biol\u00f3gicas.<\/p>\n","protected":false},"author":1,"featured_media":0,"comment_status":"closed","ping_status":"closed","sticky":false,"template":"","format":"standard","meta":[],"categories":[4,12,10],"tags":[],"_links":{"self":[{"href":"https:\/\/www.ifbaiano.edu.br\/unidades\/santaines\/wp-json\/wp\/v2\/posts\/5544"}],"collection":[{"href":"https:\/\/www.ifbaiano.edu.br\/unidades\/santaines\/wp-json\/wp\/v2\/posts"}],"about":[{"href":"https:\/\/www.ifbaiano.edu.br\/unidades\/santaines\/wp-json\/wp\/v2\/types\/post"}],"author":[{"embeddable":true,"href":"https:\/\/www.ifbaiano.edu.br\/unidades\/santaines\/wp-json\/wp\/v2\/users\/1"}],"replies":[{"embeddable":true,"href":"https:\/\/www.ifbaiano.edu.br\/unidades\/santaines\/wp-json\/wp\/v2\/comments?post=5544"}],"version-history":[{"count":6,"href":"https:\/\/www.ifbaiano.edu.br\/unidades\/santaines\/wp-json\/wp\/v2\/posts\/5544\/revisions"}],"predecessor-version":[{"id":5567,"href":"https:\/\/www.ifbaiano.edu.br\/unidades\/santaines\/wp-json\/wp\/v2\/posts\/5544\/revisions\/5567"}],"wp:attachment":[{"href":"https:\/\/www.ifbaiano.edu.br\/unidades\/santaines\/wp-json\/wp\/v2\/media?parent=5544"}],"wp:term":[{"taxonomy":"category","embeddable":true,"href":"https:\/\/www.ifbaiano.edu.br\/unidades\/santaines\/wp-json\/wp\/v2\/categories?post=5544"},{"taxonomy":"post_tag","embeddable":true,"href":"https:\/\/www.ifbaiano.edu.br\/unidades\/santaines\/wp-json\/wp\/v2\/tags?post=5544"}],"curies":[{"name":"wp","href":"https:\/\/api.w.org\/{rel}","templated":true}]}}