{"id":5569,"date":"2015-04-06T16:44:44","date_gmt":"2015-04-06T19:44:44","guid":{"rendered":"http:\/\/www.ifbaiano.edu.br\/unidades\/santaines\/?p=5569"},"modified":"2015-04-06T17:08:02","modified_gmt":"2015-04-06T20:08:02","slug":"reuniao-de-pais-dos-estudantes-dos-cursos-integrados","status":"publish","type":"post","link":"https:\/\/www.ifbaiano.edu.br\/unidades\/santaines\/reuniao-de-pais-dos-estudantes-dos-cursos-integrados\/","title":{"rendered":"REUNI\u00c3O DE PAIS DOS ESTUDANTES DOS CURSOS INTEGRADOS"},"content":{"rendered":"<p align=\"center\"><strong>Reuni\u00e3o de Pais<\/strong><\/p>\n<p>O Diretor Geral do Campus Santa In\u00eas convida Pais e\/ou Respons\u00e1veis dos estudantes dos Cursos Integrados para a 2\u00aa Reuni\u00e3o de Pais, a ser realizada dias 08 e 09 de abril, \u00e0s 9h30, de acordo com a seguinte organiza\u00e7\u00e3o:<\/p>\n<p>Dia 08\/04\/2015- para os pais dos estudantes das 1\u00aas s\u00e9ries;<\/p>\n<p>Dia 09\/04\/2015- para os pais dos estudantes das 2\u00aas e 3\u00aas s\u00e9ries.<\/p>\n<p>Pauta da Reuni\u00e3o:<\/p>\n<ul>\n<li>Apresenta\u00e7\u00e3o dos procedimentos acad\u00eamicos para a Aprova\u00e7\u00e3o, Recupera\u00e7\u00e3o Final e Conselho de Classe Final;<\/li>\n<li>Calend\u00e1rio Acad\u00eamico 2015;<\/li>\n<li>Atendimento individualizado aos pais pelos professores.<\/li>\n<\/ul>\n<div><a href=\"http:\/\/www.ifbaiano.edu.br\/unidades\/santaines\/files\/2015\/04\/reuniao_pais_2015.jpg\"><img decoding=\"async\" loading=\"lazy\" class=\"aligncenter size-full wp-image-5572\" src=\"http:\/\/www.ifbaiano.edu.br\/unidades\/santaines\/files\/2015\/04\/reuniao_pais_2015.jpg\" alt=\"\" width=\"525\" height=\"430\" srcset=\"https:\/\/www.ifbaiano.edu.br\/unidades\/santaines\/files\/2015\/04\/reuniao_pais_2015.jpg 525w, https:\/\/www.ifbaiano.edu.br\/unidades\/santaines\/files\/2015\/04\/reuniao_pais_2015-300x245.jpg 300w, https:\/\/www.ifbaiano.edu.br\/unidades\/santaines\/files\/2015\/04\/reuniao_pais_2015-400x327.jpg 400w\" sizes=\"(max-width: 525px) 100vw, 525px\" \/><\/a><\/div>\n","protected":false},"excerpt":{"rendered":"<p>O Diretor Geral do Campus Santa In\u00eas convida Pais e\/ou Respons\u00e1veis dos estudantes dos Cursos Integrados para a 2\u00aa Reuni\u00e3o de Pais, a ser realizada dias 08 e 09 de abril, \u00e0s 9h 30min<\/p>\n","protected":false},"author":7,"featured_media":0,"comment_status":"closed","ping_status":"closed","sticky":false,"template":"","format":"standard","meta":[],"categories":[4,5,10],"tags":[],"_links":{"self":[{"href":"https:\/\/www.ifbaiano.edu.br\/unidades\/santaines\/wp-json\/wp\/v2\/posts\/5569"}],"collection":[{"href":"https:\/\/www.ifbaiano.edu.br\/unidades\/santaines\/wp-json\/wp\/v2\/posts"}],"about":[{"href":"https:\/\/www.ifbaiano.edu.br\/unidades\/santaines\/wp-json\/wp\/v2\/types\/post"}],"author":[{"embeddable":true,"href":"https:\/\/www.ifbaiano.edu.br\/unidades\/santaines\/wp-json\/wp\/v2\/users\/7"}],"replies":[{"embeddable":true,"href":"https:\/\/www.ifbaiano.edu.br\/unidades\/santaines\/wp-json\/wp\/v2\/comments?post=5569"}],"version-history":[{"count":3,"href":"https:\/\/www.ifbaiano.edu.br\/unidades\/santaines\/wp-json\/wp\/v2\/posts\/5569\/revisions"}],"predecessor-version":[{"id":5571,"href":"https:\/\/www.ifbaiano.edu.br\/unidades\/santaines\/wp-json\/wp\/v2\/posts\/5569\/revisions\/5571"}],"wp:attachment":[{"href":"https:\/\/www.ifbaiano.edu.br\/unidades\/santaines\/wp-json\/wp\/v2\/media?parent=5569"}],"wp:term":[{"taxonomy":"category","embeddable":true,"href":"https:\/\/www.ifbaiano.edu.br\/unidades\/santaines\/wp-json\/wp\/v2\/categories?post=5569"},{"taxonomy":"post_tag","embeddable":true,"href":"https:\/\/www.ifbaiano.edu.br\/unidades\/santaines\/wp-json\/wp\/v2\/tags?post=5569"}],"curies":[{"name":"wp","href":"https:\/\/api.w.org\/{rel}","templated":true}]}}