{"id":5589,"date":"2015-04-24T13:17:20","date_gmt":"2015-04-24T16:17:20","guid":{"rendered":"http:\/\/www.ifbaiano.edu.br\/unidades\/santaines\/?p=5589"},"modified":"2015-05-04T15:20:34","modified_gmt":"2015-05-04T18:20:34","slug":"vagas-remanescentes","status":"publish","type":"post","link":"https:\/\/www.ifbaiano.edu.br\/unidades\/santaines\/vagas-remanescentes\/","title":{"rendered":"Processo Seletivo Vagas Remanescente \u2013 Curso T\u00e9cnico \u2013 Agropecu\u00e1ria, Alimentos e Zootecnia"},"content":{"rendered":"<p>&nbsp;<\/p>\n<p>A Dire\u00e7\u00e3o Geral do IF Baiano\u00a0<em>Campus<\/em>\u00a0Santa In\u00eas torna p\u00fablico o\u00a0<strong>EDITAL N\u00ba 16, DE 27 DE ABRIL DE 2015<\/strong>, que trata da sele\u00e7\u00e3o para vagas remanescentes dos Cursos T\u00e9cnicos Integrado em Agropecu\u00e1ria, Zootecnia e Alimentos.<\/p>\n<p>Ao total foram disponibilizadas\u00a0<strong>24 vagas<\/strong>, sendo para o curso T\u00e9cnico Integrado em Agropecu\u00e1ria, para o curso T\u00e9cnico Integrado em Zootecnia e para o Curso T\u00e9cnico Integrado em Alimentos.<\/p>\n<p>Para se candidatar a uma das vagas, o candidato deve ter conclu\u00eddo o Ensino Fundamental II.<\/p>\n<p>O processo de preenchimento das vagas se dar\u00e1 da seguinte forma: 09 vagas para Ampla Concorr\u00eancia, 14 vagas para estudantes oriundos de Escolas P\u00fablicas e 1 vaga para Pessoas com Necessidades Educacionais Espec\u00edficas.<\/p>\n<p>A inscri\u00e7\u00e3o no Processo Seletivo para vagas remanescentes ser\u00e3o efetuadas no per\u00edodo de 28 e 29 de abril de 2015, de forma presencial, na Secretaria do Campus Santa In\u00eas das 08h00min \u00e0s 12h00minh e das 14h00min \u00e0s 17h00min, e online, atrav\u00e9s de ficha de inscri\u00e7\u00e3o que dever\u00e1 ser devidamente preenchida e encaminhada, at\u00e9 \u00e0s 23h59min do dia 29 de abril, para o e-mail:<\/p>\n<p><strong>selecao2015@si.ifbaiano.edu.br<\/strong><\/p>\n<p><strong><span style=\"color: #ff0000\"><a href=\"http:\/\/www.ifbaiano.edu.br\/unidades\/santaines\/files\/2015\/04\/VAGAS-REMANESCENTES.pdf\"><span style=\"color: #ff0000\">Acesse aqui a Ficha de Inscri\u00e7\u00e3o<\/span><\/a><\/span><span style=\"color: #ff0000\"><br \/>\n<\/span><\/strong><\/p>\n<p>O Edital completo pode ser acessado no link:<\/p>\n<p><a href=\"http:\/\/www.ifbaiano.edu.br\/unidades\/santaines\/files\/2015\/04\/EDITAL-PARA-VAGAS-REMANESCENTES-2015-P.pdf\">http:\/\/www.ifbaiano.edu.br\/unidades\/santaines\/2015\/04\/24\/vagas-remanescentes<\/a><\/p>\n<p><a href=\"http:\/\/www.ifbaiano.edu.br\/unidades\/santaines\/files\/2015\/04\/INSCRICOES-HOMOLOGADAS-22.pdf\">CONFIRA AQUI A LISTA COM AS INSCRI\u00c7\u00d5ES HOMOLOGADAS<\/a>\u00a0(<span style=\"color: #ff0000\">NOVO<\/span>)<\/p>\n<p style=\"text-align: justify\">A Diretoria Acad\u00eamica do campus Santa In\u00eas informa aos candidatos cujas inscri\u00e7\u00f5es foram homologadas que, em conformidade com o Edital 16 de 27 de abril de 2015, a sele\u00e7\u00e3o se dar\u00e1 atrav\u00e9s de entrevista, a ser realizada nos dias 04 e 05 de maio, de acordo com a seguinte programa\u00e7\u00e3o:<\/p>\n<p style=\"text-align: justify\">Dia 04 de Maio-entrevista com os candidatos inscritos no Curso de Zootecnia e Agropecu\u00e1ria, no hor\u00e1rio das 8h00min \u00e0s 12h00min;<\/p>\n<p style=\"text-align: justify\">Dia 05 de Maio- entrevista com os candidatos inscritos no curso de Alimentos, no hor\u00e1rio das 8h00min \u00e0s 12h00min.<\/p>\n<p>Local: Biblioteca do Campus<\/p>\n<p style=\"text-align: justify\">O atendimento obedecer\u00e1 a ordem de chegada e os candidatos dever\u00e3o comparecer ao local da entrevista, com uma anteced\u00eancia m\u00ednima de quinze minutos munidos do documento de identifica\u00e7\u00e3o oficial(RG)utilizado no ato da inscri\u00e7\u00e3o.<\/p>\n<p>&nbsp;<\/p>\n<p>&nbsp;<\/p>\n<p>&nbsp;<\/p>\n<p>&nbsp;<\/p>\n<p>&nbsp;<\/p>\n<p>&nbsp;<\/p>\n<p>&nbsp;<\/p>\n<p>&nbsp;<\/p>\n<p>&nbsp;<\/p>\n<p>&nbsp;<\/p>\n<p>&nbsp;<\/p>\n<p>&nbsp;<\/p>\n<p>&nbsp;<\/p>\n<p>&nbsp;<\/p>\n<p>&nbsp;<\/p>\n<p>&nbsp;<\/p>\n<p>&nbsp;<\/p>\n<p>&nbsp;<\/p>\n<p>&nbsp;<\/p>\n<p>&nbsp;<\/p>\n<p>&nbsp;<\/p>\n<p>&nbsp;<\/p>\n<p>&nbsp;<\/p>\n<p>&nbsp;<\/p>\n<p>&nbsp;<\/p>\n<p>&nbsp;<\/p>\n<p>&nbsp;<\/p>\n<p>&nbsp;<\/p>\n<p>&nbsp;<\/p>\n<p>&nbsp;<\/p>\n<p>&nbsp;<\/p>\n<p>&nbsp;<\/p>\n<p>&nbsp;<\/p>\n<p>&nbsp;<\/p>\n<p>&nbsp;<\/p>\n<p>&nbsp;<\/p>\n<p>&nbsp;<\/p>\n<p>&nbsp;<\/p>\n<p>&nbsp;<\/p>\n<p>&nbsp;<\/p>\n<p>&nbsp;<\/p>\n<p>&nbsp;<\/p>\n<p>&nbsp;<\/p>\n<p>&nbsp;<\/p>\n<p>&nbsp;<\/p>\n<p>&nbsp;<\/p>\n<p>&nbsp;<\/p>\n<p>&nbsp;<\/p>\n<p>&nbsp;<\/p>\n<p>&nbsp;<\/p>\n<p>&nbsp;<\/p>\n<p>&nbsp;<\/p>\n<p>&nbsp;<\/p>\n<p>&nbsp;<\/p>\n<p>&nbsp;<\/p>\n<p>&nbsp;<\/p>\n<p>&nbsp;<\/p>\n<p>&nbsp;<\/p>\n<p>&nbsp;<\/p>\n<p>&nbsp;<\/p>\n<p>&nbsp;<\/p>\n<p>&nbsp;<\/p>\n<p>&nbsp;<\/p>\n<p>&nbsp;<\/p>\n<p>&nbsp;<\/p>\n<p>&nbsp;<\/p>\n<p>&nbsp;<\/p>\n<p>&nbsp;<\/p>\n<p>&nbsp;<\/p>\n<p>&nbsp;<\/p>\n<p>&nbsp;<\/p>\n<p>&nbsp;<\/p>\n<p>&nbsp;<\/p>\n<p>&nbsp;<\/p>\n<p>&nbsp;<\/p>\n<p>&nbsp;<\/p>\n<p>&nbsp;<\/p>\n<p>&nbsp;<\/p>\n<p>&nbsp;<\/p>\n<p>&nbsp;<\/p>\n<p>&nbsp;<\/p>\n<p>&nbsp;<\/p>\n<p>&nbsp;<\/p>\n<p>&nbsp;<\/p>\n<p>&nbsp;<\/p>\n<p>&nbsp;<\/p>\n<p>&nbsp;<\/p>\n<p>&nbsp;<\/p>\n<p>&nbsp;<\/p>\n<p>&nbsp;<\/p>\n<p>&nbsp;<\/p>\n<p>&nbsp;<\/p>\n<p>&nbsp;<\/p>\n<p>&nbsp;<\/p>\n<p>&nbsp;<\/p>\n<p>&nbsp;<\/p>\n<p>&nbsp;<\/p>\n<p>&nbsp;<\/p>\n<p>&nbsp;<\/p>\n<p>&nbsp;<\/p>\n<p>&nbsp;<\/p>\n<p>&nbsp;<\/p>\n<p>&nbsp;<\/p>\n<p>&nbsp;<\/p>\n<p>&nbsp;<\/p>\n<p>&nbsp;<\/p>\n<p>&nbsp;<\/p>\n<p>&nbsp;<\/p>\n<p>&nbsp;<\/p>\n<p>&nbsp;<\/p>\n","protected":false},"excerpt":{"rendered":"<p>Atualizado em 04\/05\/2015 &#8211; Dia 05 de Maio entrevista com os candidatos inscritos no curso de Alimentos, no hor\u00e1rio das 8h00min \u00e0s 12h00min. Local: Biblioteca do Campus. <a href=\"http:\/\/www.ifbaiano.edu.br\/unidades\/santaines\/files\/2015\/04\/INSCRICOES-HOMOLOGADAS-22.pdf\">CONFIRA AQUI A LISTA COM AS INSCRI\u00c7\u00d5ES HOMOLOGADAS<\/a> (<span style=\"color: #ff0000\">NOVO<\/span>)<\/p>\n","protected":false},"author":1,"featured_media":0,"comment_status":"closed","ping_status":"closed","sticky":false,"template":"","format":"standard","meta":[],"categories":[11,13,5],"tags":[],"_links":{"self":[{"href":"https:\/\/www.ifbaiano.edu.br\/unidades\/santaines\/wp-json\/wp\/v2\/posts\/5589"}],"collection":[{"href":"https:\/\/www.ifbaiano.edu.br\/unidades\/santaines\/wp-json\/wp\/v2\/posts"}],"about":[{"href":"https:\/\/www.ifbaiano.edu.br\/unidades\/santaines\/wp-json\/wp\/v2\/types\/post"}],"author":[{"embeddable":true,"href":"https:\/\/www.ifbaiano.edu.br\/unidades\/santaines\/wp-json\/wp\/v2\/users\/1"}],"replies":[{"embeddable":true,"href":"https:\/\/www.ifbaiano.edu.br\/unidades\/santaines\/wp-json\/wp\/v2\/comments?post=5589"}],"version-history":[{"count":31,"href":"https:\/\/www.ifbaiano.edu.br\/unidades\/santaines\/wp-json\/wp\/v2\/posts\/5589\/revisions"}],"predecessor-version":[{"id":5592,"href":"https:\/\/www.ifbaiano.edu.br\/unidades\/santaines\/wp-json\/wp\/v2\/posts\/5589\/revisions\/5592"}],"wp:attachment":[{"href":"https:\/\/www.ifbaiano.edu.br\/unidades\/santaines\/wp-json\/wp\/v2\/media?parent=5589"}],"wp:term":[{"taxonomy":"category","embeddable":true,"href":"https:\/\/www.ifbaiano.edu.br\/unidades\/santaines\/wp-json\/wp\/v2\/categories?post=5589"},{"taxonomy":"post_tag","embeddable":true,"href":"https:\/\/www.ifbaiano.edu.br\/unidades\/santaines\/wp-json\/wp\/v2\/tags?post=5589"}],"curies":[{"name":"wp","href":"https:\/\/api.w.org\/{rel}","templated":true}]}}