{"id":5637,"date":"2015-04-29T08:26:33","date_gmt":"2015-04-29T11:26:33","guid":{"rendered":"http:\/\/www.ifbaiano.edu.br\/unidades\/santaines\/?p=5637"},"modified":"2015-04-29T08:26:33","modified_gmt":"2015-04-29T11:26:33","slug":"informe-aos-estudantes-ingressantes-em-2015-para-os-cursos-tecnicos-integrados","status":"publish","type":"post","link":"https:\/\/www.ifbaiano.edu.br\/unidades\/santaines\/informe-aos-estudantes-ingressantes-em-2015-para-os-cursos-tecnicos-integrados\/","title":{"rendered":"Informe aos estudantes ingressantes em 2015 para os Cursos T\u00e9cnicos Integrados"},"content":{"rendered":"<p>A Gest\u00e3o do <em>Campus<\/em> informa que o processo seletivo encontra-se ainda em fase de fechamento, uma vez que estamos oficialmente realizando sele\u00e7\u00e3o para preenchimento das vagas remanescentes, como orienta os documentos oficiais.<\/p>\n<p>Estamos no aguardo da conclus\u00e3o desta etapa para que possamos agendar uma data e convid\u00e1-los a participar do DIA DO CAMPO, quando ter\u00e3o oportunidade de conhecer o curso escolhido na sua organiza\u00e7\u00e3o e poss\u00edvel inser\u00e7\u00e3o no mundo do trabalho.<\/p>\n<p><strong>Fiquem atent@s!<\/strong> Em breve faremos a chamada e informaremos a log\u00edstica de acesso ao Campus, assim como o roteiro de atividades a serem realizadas.<\/p>\n<p>At\u00e9 breve!!!<\/p>\n","protected":false},"excerpt":{"rendered":"<p>29\/04\/2015 &#8211;  Informe.<\/p>\n","protected":false},"author":1,"featured_media":0,"comment_status":"closed","ping_status":"closed","sticky":false,"template":"","format":"standard","meta":[],"categories":[13,10,8],"tags":[],"_links":{"self":[{"href":"https:\/\/www.ifbaiano.edu.br\/unidades\/santaines\/wp-json\/wp\/v2\/posts\/5637"}],"collection":[{"href":"https:\/\/www.ifbaiano.edu.br\/unidades\/santaines\/wp-json\/wp\/v2\/posts"}],"about":[{"href":"https:\/\/www.ifbaiano.edu.br\/unidades\/santaines\/wp-json\/wp\/v2\/types\/post"}],"author":[{"embeddable":true,"href":"https:\/\/www.ifbaiano.edu.br\/unidades\/santaines\/wp-json\/wp\/v2\/users\/1"}],"replies":[{"embeddable":true,"href":"https:\/\/www.ifbaiano.edu.br\/unidades\/santaines\/wp-json\/wp\/v2\/comments?post=5637"}],"version-history":[{"count":2,"href":"https:\/\/www.ifbaiano.edu.br\/unidades\/santaines\/wp-json\/wp\/v2\/posts\/5637\/revisions"}],"predecessor-version":[{"id":5639,"href":"https:\/\/www.ifbaiano.edu.br\/unidades\/santaines\/wp-json\/wp\/v2\/posts\/5637\/revisions\/5639"}],"wp:attachment":[{"href":"https:\/\/www.ifbaiano.edu.br\/unidades\/santaines\/wp-json\/wp\/v2\/media?parent=5637"}],"wp:term":[{"taxonomy":"category","embeddable":true,"href":"https:\/\/www.ifbaiano.edu.br\/unidades\/santaines\/wp-json\/wp\/v2\/categories?post=5637"},{"taxonomy":"post_tag","embeddable":true,"href":"https:\/\/www.ifbaiano.edu.br\/unidades\/santaines\/wp-json\/wp\/v2\/tags?post=5637"}],"curies":[{"name":"wp","href":"https:\/\/api.w.org\/{rel}","templated":true}]}}