{"id":5713,"date":"2015-05-21T10:57:56","date_gmt":"2015-05-21T13:57:56","guid":{"rendered":"http:\/\/www.ifbaiano.edu.br\/unidades\/santaines\/?p=5713"},"modified":"2015-06-30T10:47:35","modified_gmt":"2015-06-30T13:47:35","slug":"convocacao-pre-matricula-e-matricula-do-curso-de-graduacao-semestre-2015-1","status":"publish","type":"post","link":"https:\/\/www.ifbaiano.edu.br\/unidades\/santaines\/convocacao-pre-matricula-e-matricula-do-curso-de-graduacao-semestre-2015-1\/","title":{"rendered":"Convoca\u00e7\u00e3o: pr\u00e9-matr\u00edcula e matr\u00edcula do curso de gradua\u00e7\u00e3o semestre 2015.1"},"content":{"rendered":"<p><a href=\"http:\/\/www.ifbaiano.edu.br\/unidades\/santaines\/files\/2015\/05\/EDITAL-Semestre-2015.1.pdf\"> ACESSE O EDITAL<\/a> .<\/p>\n","protected":false},"excerpt":{"rendered":"<p>21\/05\/2015 &#8211; <a href=\"http:\/\/www.ifbaiano.edu.br\/unidades\/santaines\/files\/2015\/05\/EDITAL-Semestre-2015.1.pdf\"> ACESSE O EDITAL<\/a> .<\/p>\n","protected":false},"author":1,"featured_media":0,"comment_status":"closed","ping_status":"closed","sticky":false,"template":"","format":"standard","meta":[],"categories":[38,10],"tags":[],"_links":{"self":[{"href":"https:\/\/www.ifbaiano.edu.br\/unidades\/santaines\/wp-json\/wp\/v2\/posts\/5713"}],"collection":[{"href":"https:\/\/www.ifbaiano.edu.br\/unidades\/santaines\/wp-json\/wp\/v2\/posts"}],"about":[{"href":"https:\/\/www.ifbaiano.edu.br\/unidades\/santaines\/wp-json\/wp\/v2\/types\/post"}],"author":[{"embeddable":true,"href":"https:\/\/www.ifbaiano.edu.br\/unidades\/santaines\/wp-json\/wp\/v2\/users\/1"}],"replies":[{"embeddable":true,"href":"https:\/\/www.ifbaiano.edu.br\/unidades\/santaines\/wp-json\/wp\/v2\/comments?post=5713"}],"version-history":[{"count":2,"href":"https:\/\/www.ifbaiano.edu.br\/unidades\/santaines\/wp-json\/wp\/v2\/posts\/5713\/revisions"}],"predecessor-version":[{"id":5754,"href":"https:\/\/www.ifbaiano.edu.br\/unidades\/santaines\/wp-json\/wp\/v2\/posts\/5713\/revisions\/5754"}],"wp:attachment":[{"href":"https:\/\/www.ifbaiano.edu.br\/unidades\/santaines\/wp-json\/wp\/v2\/media?parent=5713"}],"wp:term":[{"taxonomy":"category","embeddable":true,"href":"https:\/\/www.ifbaiano.edu.br\/unidades\/santaines\/wp-json\/wp\/v2\/categories?post=5713"},{"taxonomy":"post_tag","embeddable":true,"href":"https:\/\/www.ifbaiano.edu.br\/unidades\/santaines\/wp-json\/wp\/v2\/tags?post=5713"}],"curies":[{"name":"wp","href":"https:\/\/api.w.org\/{rel}","templated":true}]}}