{"id":5760,"date":"2015-07-03T21:44:36","date_gmt":"2015-07-04T00:44:36","guid":{"rendered":"http:\/\/www.ifbaiano.edu.br\/unidades\/santaines\/?p=5760"},"modified":"2015-07-03T21:44:36","modified_gmt":"2015-07-04T00:44:36","slug":"inicio-do-ano-letivo-2015","status":"publish","type":"post","link":"https:\/\/www.ifbaiano.edu.br\/unidades\/santaines\/inicio-do-ano-letivo-2015\/","title":{"rendered":"IN\u00cdCIO DO ANO LETIVO 2015"},"content":{"rendered":"<p><strong>Aten\u00e7\u00e3o: In\u00edcio do ano letivo 2015<\/strong><br \/>\n<strong>DATA: 06\/07\/2015<\/strong><br \/>\n(<em>Segunda-feira<\/em>)<\/p>\n<ul>\n<li><a href=\"http:\/\/www.ifbaiano.edu.br\/unidades\/santaines\/files\/2015\/07\/horario_das_aulas.pdf\" target=\"_blank\">HOR\u00c1RIO DE AULAS<\/a><\/li>\n<li>RELA\u00c7\u00c3O DE ALUNOS<\/li>\n<\/ul>\n<ol>\n<li>Lista dos alunos do curso T\u00e9cnico em Agropecu\u00e1ria &#8211; Visualizar lista\u00a0(<a href=\"http:\/\/www.ifbaiano.edu.br\/unidades\/santaines\/files\/2015\/07\/relacao_01_alunos_tec_agropecuaria.pdf\" target=\"_blank\">P\u00e1gina 01<\/a>) (<a href=\"http:\/\/www.ifbaiano.edu.br\/unidades\/santaines\/files\/2015\/07\/relacao_02_alunos_tec_agropecuaria.pdf\" target=\"_blank\">P\u00e1gina 02<\/a>)<\/li>\n<li>Lista dos alunos do curso T\u00e9cnico em Zootecnia (<a href=\"http:\/\/www.ifbaiano.edu.br\/unidades\/santaines\/files\/2015\/07\/relacao_alunos_tec_zootecnia.pdf\" target=\"_blank\">Visualizar lista<\/a>)<\/li>\n<li>Lista dos alunos do curso T\u00e9cnico em Alimentos (<a href=\"http:\/\/www.ifbaiano.edu.br\/unidades\/santaines\/files\/2015\/07\/relacao_alunos_tec_alimentos.pdf\" target=\"_blank\">Visualizar lista<\/a>)<\/li>\n<\/ol>\n<ul>\n<li><a href=\"http:\/\/www.ifbaiano.edu.br\/unidades\/santaines\/files\/2015\/07\/distribuicao_das_salas.pdf\" target=\"_blank\">DISTRIBUI\u00c7\u00c3O DAS SALAS<\/a><\/li>\n<li><a href=\"http:\/\/www.ifbaiano.edu.br\/unidades\/santaines\/files\/2015\/07\/mapa_distribuicao_das_salas_2015.pdf\" target=\"_blank\">MAPA DE DISTRIBUI\u00c7\u00c3O DE SALAS<\/a><\/li>\n<\/ul>\n<p>&nbsp;<\/p>\n","protected":false},"excerpt":{"rendered":"<p>Aten\u00e7\u00e3o: In\u00edcio do ano letivo 2015 (06\/07\/2015)<br \/>\nMais informa\u00e7\u00f5es sobre:<br \/>\nHor\u00e1rios das aulas &#8211; Lista de alunos &#8211; Distribui\u00e7\u00e3o das salas<\/p>\n","protected":false},"author":7,"featured_media":0,"comment_status":"closed","ping_status":"closed","sticky":false,"template":"","format":"standard","meta":[],"categories":[4,5],"tags":[],"_links":{"self":[{"href":"https:\/\/www.ifbaiano.edu.br\/unidades\/santaines\/wp-json\/wp\/v2\/posts\/5760"}],"collection":[{"href":"https:\/\/www.ifbaiano.edu.br\/unidades\/santaines\/wp-json\/wp\/v2\/posts"}],"about":[{"href":"https:\/\/www.ifbaiano.edu.br\/unidades\/santaines\/wp-json\/wp\/v2\/types\/post"}],"author":[{"embeddable":true,"href":"https:\/\/www.ifbaiano.edu.br\/unidades\/santaines\/wp-json\/wp\/v2\/users\/7"}],"replies":[{"embeddable":true,"href":"https:\/\/www.ifbaiano.edu.br\/unidades\/santaines\/wp-json\/wp\/v2\/comments?post=5760"}],"version-history":[{"count":2,"href":"https:\/\/www.ifbaiano.edu.br\/unidades\/santaines\/wp-json\/wp\/v2\/posts\/5760\/revisions"}],"predecessor-version":[{"id":5770,"href":"https:\/\/www.ifbaiano.edu.br\/unidades\/santaines\/wp-json\/wp\/v2\/posts\/5760\/revisions\/5770"}],"wp:attachment":[{"href":"https:\/\/www.ifbaiano.edu.br\/unidades\/santaines\/wp-json\/wp\/v2\/media?parent=5760"}],"wp:term":[{"taxonomy":"category","embeddable":true,"href":"https:\/\/www.ifbaiano.edu.br\/unidades\/santaines\/wp-json\/wp\/v2\/categories?post=5760"},{"taxonomy":"post_tag","embeddable":true,"href":"https:\/\/www.ifbaiano.edu.br\/unidades\/santaines\/wp-json\/wp\/v2\/tags?post=5760"}],"curies":[{"name":"wp","href":"https:\/\/api.w.org\/{rel}","templated":true}]}}