{"id":5779,"date":"2015-07-10T11:35:25","date_gmt":"2015-07-10T14:35:25","guid":{"rendered":"http:\/\/www.ifbaiano.edu.br\/unidades\/santaines\/?p=5779"},"modified":"2015-08-03T21:00:25","modified_gmt":"2015-08-04T00:00:25","slug":"processo-seletivo-para-professor-substituto-2015","status":"publish","type":"post","link":"https:\/\/www.ifbaiano.edu.br\/unidades\/santaines\/processo-seletivo-para-professor-substituto-2015\/","title":{"rendered":"Processo Seletivo para Professor Substituto 2015: Resultado final de Geografia   ap\u00f3s Recurso"},"content":{"rendered":"<p align=\"justify\">O Diretor do IF Baiano Campus Santa In\u00eas torna p\u00fablica a abertura das inscri\u00e7\u00f5es para o Processo Seletivo<br \/>\nSimplificado, com vistas \u00e0 contrata\u00e7\u00e3o, por tempo determinado, de Professor do Ensino B\u00e1sico, T\u00e9cnico e Tecnol\u00f3gico.<\/p>\n<p align=\"justify\">Ser\u00e3o ofertadas<strong>\u00a003 (tr\u00eas) vagas nas \u00e1reas de Engenharia de Alimentos, Sociologia\/Filosofia e Geografia<\/strong>,<br \/>\ncom carga hor\u00e1ria de 40 horas semanais.<\/p>\n<p align=\"justify\"><!--more--><!--more--><\/p>\n<p align=\"justify\"><strong><a href=\"http:\/\/www.ifbaiano.edu.br\/unidades\/santaines\/files\/2015\/07\/edital_selecao_professor_substituto_2015.pdf\" target=\"_blank\">EDITAL<\/a>:<\/strong>\u00a0Processo Seletivo para Professor Substituto 2015<br \/>\n<strong><\/strong><\/p>\n<p align=\"justify\"><strong><a href=\"http:\/\/www.ifbaiano.edu.br\/unidades\/santaines\/files\/2015\/07\/edital_selecao_professor_substituto_2015.pdf\" target=\"_blank\">Acessar &#8211; download &#8211; \u00a0o edital n\u00ba 26 de 10\/06\/2015<\/a><\/strong><\/p>\n<p align=\"justify\"><strong>[Per\u00edodo de inscri\u00e7\u00f5es encerrado]<\/strong><\/p>\n<p align=\"justify\"><!--more--><!--more--><\/p>\n<h1 align=\"justify\"><strong>LISTAS DOS CANDIDATOS HOMOLOGADOS INSCRITOS<\/strong><\/h1>\n<p align=\"justify\"><strong>Data: Quinta-feira, 16 de julho de 2015<\/strong><\/p>\n<p align=\"justify\"><strong><a href=\"http:\/\/www.ifbaiano.edu.br\/unidades\/santaines\/files\/2015\/07\/LISTA_DOS_CANDIDATOS_HOMOLOGADOS_PARA-AREA_DE_ENGENHARIA_DE_ALIMENTOS.pdf\" target=\"_border\">LISTA_DOS_CANDIDATOS_HOMOLOGADOS_PARA AREA_DE_ENGENHARIA_DE_ALIMENTOS<\/a><\/strong><\/p>\n<p align=\"justify\"><strong><a href=\"http:\/\/www.ifbaiano.edu.br\/unidades\/santaines\/files\/2015\/07\/LISTA_DOS_CANDIDATOS_HOMOLOGADOS_PARA_AREA_DE_GEOGRAFIA.pdf\" target=\"_border\">LISTA_DOS_CANDIDATOS_HOMOLOGADOS_PARA_AREA_DE_GEOGRAFIA<\/a><\/strong><\/p>\n<p align=\"justify\"><strong><a href=\"http:\/\/www.ifbaiano.edu.br\/unidades\/santaines\/files\/2015\/07\/LISTA_DOS_CANDIDATOS_HOMOLOGADOS_PARA_AREA_DE_SOCIOLOGIA_FILOSOFIA.pdf\" target=\"_border\">LISTA_DOS_CANDIDATOS_HOMOLOGADOS_PARA_AREA_DE_SOCIOLOGIA_FILOSOFIA<\/a><\/strong><\/p>\n<p align=\"justify\"><!--more--><\/p>\n<h1 align=\"justify\"><strong>LISTA DOS CANDIDATOS HOMOLOGADOS AP\u00d3S RECURSO<\/strong><\/h1>\n<p><strong>Data: SEGUNDA-FEIRA, 20\/07\/2015<\/strong><\/p>\n<p><strong><a href=\"http:\/\/www.ifbaiano.edu.br\/unidades\/santaines\/files\/2015\/07\/LISTA-DOS-CANDIDATOS-HOMOLOGADOS-APOS-RECURSO-PARA-AREA-DE-ENGENHARIA-DE-ALIMENTOS1.pdf\">LISTA DOS CANDIDATOS HOMOLOGADOS AP\u00d3S RECURSO PARA \u00c1REA DE ENGENHARIA DE ALIMENTOS<\/a><\/strong><\/p>\n<p><strong><a href=\"http:\/\/www.ifbaiano.edu.br\/unidades\/santaines\/files\/2015\/07\/LISTA-DOS-CANDIDATOS-HOMOLOGADOS-APOS-RECURSO-PARA-AREA-DE-GEOGRAFIA.pdf\">LISTA DOS CANDIDATOS HOMOLOGADOS AP\u00d3S RECURSO PARA \u00c1REA DE GEOGRAFIA<\/a><\/strong><\/p>\n<h3><strong><a href=\"http:\/\/www.ifbaiano.edu.br\/unidades\/santaines\/files\/2015\/07\/LISTA-DOS-CANDIDATOS-HOMOLOGADOS-APOS-RECURSO-PARA-AREA-DE-SOCIOLOGIA.pdf\">LISTA DOS CANDIDATOS HOMOLOGADOS AP\u00d3S RECURSO PARA \u00c1REA DE SOCIOLOGIA<\/a><\/strong><\/h3>\n<h1 align=\"justify\"><strong>LISTA DOS RESULTADOS PARCIAIS<\/strong><\/h1>\n<p><strong>Data: SEGUNDA-FEIRA, 27\/07\/2015<\/strong><\/p>\n<p><strong><a href=\"http:\/\/www.ifbaiano.edu.br\/unidades\/santaines\/files\/2015\/07\/RESULTADO-FINAL-2015-pdf.pdf\">LISTA_DOS_CANDIDATOS<br \/>\n<\/a><\/strong><\/p>\n<p><span style=\"color: #ff0000\"><strong><a href=\"http:\/\/www.ifbaiano.edu.br\/unidades\/santaines\/?p=5891\"><span style=\"color: #ff0000\">RECURSO<\/span><\/a><\/strong><\/span><\/p>\n<h1><strong>Novo cronograma para os candidatos da \u00e1rea de geografia<\/strong><\/h1>\n<p>Data: QUINTA-FEIRA, 30\/07\/2015<\/p>\n<p>A comiss\u00e3o respons\u00e1vel pelo processo seletivo informa que ap\u00f3s divulga\u00e7\u00e3o do resultado preliminar foi identificado um erro de c\u00e1lculo e de classifica\u00e7\u00e3o e vem divulgar o resultado preliminar com corre\u00e7\u00e3o da ordem de classifica\u00e7\u00e3o para \u00e1rea de geografia.<br \/>\n<a href=\"http:\/\/www.ifbaiano.edu.br\/unidades\/santaines\/files\/2015\/07\/RESULTADO-FINAL-GEOGRAFIA-REVISADO.pdf\">RESULTADO PARCIAL DE GEOGRAFIA (<span style=\"color: #ff0000\">Retificado<\/span>)<\/a><\/p>\n<p><span style=\"color: #000000\">Novo cronograma para os candidatos da \u00e1rea de geografia<\/span><br \/>\n30\/07\/2015 divulga\u00e7\u00e3o de resultado preliminar<br \/>\n31 e 01\/07\/2015 prazo para recurso<br \/>\n03\/07\/2015 resultado final<\/p>\n<h1><strong>Resultado final: Engenharia de\u00a0 Alimentos e Sociologia\/Filosofia\u00a0 ap\u00f3s Recurso<\/strong><\/h1>\n<p>DATA: Sexta- feira,\u00a0 31\/07\/2015.<\/p>\n<p><span style=\"color: #000000\"><span style=\"color: #000000\"><strong><a href=\"http:\/\/www.ifbaiano.edu.br\/unidades\/santaines\/files\/2015\/07\/RESULTADO-FINAL-ENGENHARIA-DE-ALIMENTOS-E-SOCIOLOGIA-FILOSOFIA-APOS-RECURSOS.pdf\">Confira o Resultado Aqui<\/a>.<\/strong><\/span><\/span><\/p>\n<p><strong>Resultado final de Geografia \u00a0 ap\u00f3s Recurso<\/strong><\/p>\n<p>DATA: Segunda &#8211; feira, 03\/08\/2015.<\/p>\n<p><span style=\"color: #000000\"><span style=\"color: #000000\"><a href=\"http:\/\/www.ifbaiano.edu.br\/unidades\/santaines\/files\/2015\/07\/RESULTADO-FINAL-GEOGRAFIA.pdf\">Confira o resultado aqui<\/a>.<\/span>\u00a0<\/span>(<span style=\"color: #ff0000\">NOVO<\/span>)<\/p>\n<p>E-mail do Processo Seletivo<br \/>\n<strong><a href=\"mailto:selecao2015.2@si.ifbaiano.edu.br\">selecao2015.2@si.ifbaiano.edu.br<\/a><\/strong>,<\/p>\n<p>&nbsp;<\/p>\n<p align=\"justify\"><a href=\"http:\/\/www.ifbaiano.edu.br\/unidades\/santaines\/files\/2015\/07\/cartaz_sel_prof_subs_2015.jpg\"><img decoding=\"async\" loading=\"lazy\" class=\"aligncenter size-full wp-image-5809\" src=\"http:\/\/www.ifbaiano.edu.br\/unidades\/santaines\/files\/2015\/07\/cartaz_sel_prof_subs_2015_min.jpg\" alt=\"\" width=\"252\" height=\"336\" srcset=\"https:\/\/www.ifbaiano.edu.br\/unidades\/santaines\/files\/2015\/07\/cartaz_sel_prof_subs_2015_min.jpg 252w, https:\/\/www.ifbaiano.edu.br\/unidades\/santaines\/files\/2015\/07\/cartaz_sel_prof_subs_2015_min-225x300.jpg 225w\" sizes=\"(max-width: 252px) 100vw, 252px\" \/><\/a><br \/>\nIF Baiano Campus Santa In\u00eas divulga processo seletivo para professor substituto.<\/p>\n","protected":false},"excerpt":{"rendered":"<p>03\/08\/2015 &#8211; <span style=\"color: #000000\"><span style=\"color: #000000\"><a href=\"http:\/\/www.ifbaiano.edu.br\/unidades\/santaines\/files\/2015\/07\/RESULTADO-FINAL-GEOGRAFIA.pdf\">Confira o resultado aqui<\/a>.<\/span>\u00a0<\/span>(<span style=\"color: #ff0000\">NOVO<\/span>)<\/p>\n","protected":false},"author":7,"featured_media":0,"comment_status":"closed","ping_status":"closed","sticky":false,"template":"","format":"standard","meta":[],"categories":[4,5,10],"tags":[],"_links":{"self":[{"href":"https:\/\/www.ifbaiano.edu.br\/unidades\/santaines\/wp-json\/wp\/v2\/posts\/5779"}],"collection":[{"href":"https:\/\/www.ifbaiano.edu.br\/unidades\/santaines\/wp-json\/wp\/v2\/posts"}],"about":[{"href":"https:\/\/www.ifbaiano.edu.br\/unidades\/santaines\/wp-json\/wp\/v2\/types\/post"}],"author":[{"embeddable":true,"href":"https:\/\/www.ifbaiano.edu.br\/unidades\/santaines\/wp-json\/wp\/v2\/users\/7"}],"replies":[{"embeddable":true,"href":"https:\/\/www.ifbaiano.edu.br\/unidades\/santaines\/wp-json\/wp\/v2\/comments?post=5779"}],"version-history":[{"count":45,"href":"https:\/\/www.ifbaiano.edu.br\/unidades\/santaines\/wp-json\/wp\/v2\/posts\/5779\/revisions"}],"predecessor-version":[{"id":5803,"href":"https:\/\/www.ifbaiano.edu.br\/unidades\/santaines\/wp-json\/wp\/v2\/posts\/5779\/revisions\/5803"}],"wp:attachment":[{"href":"https:\/\/www.ifbaiano.edu.br\/unidades\/santaines\/wp-json\/wp\/v2\/media?parent=5779"}],"wp:term":[{"taxonomy":"category","embeddable":true,"href":"https:\/\/www.ifbaiano.edu.br\/unidades\/santaines\/wp-json\/wp\/v2\/categories?post=5779"},{"taxonomy":"post_tag","embeddable":true,"href":"https:\/\/www.ifbaiano.edu.br\/unidades\/santaines\/wp-json\/wp\/v2\/tags?post=5779"}],"curies":[{"name":"wp","href":"https:\/\/api.w.org\/{rel}","templated":true}]}}