{"id":5782,"date":"2015-07-09T11:05:26","date_gmt":"2015-07-09T14:05:26","guid":{"rendered":"http:\/\/www.ifbaiano.edu.br\/unidades\/santaines\/?p=5782"},"modified":"2015-07-30T11:08:14","modified_gmt":"2015-07-30T14:08:14","slug":"eleicao-2015-de-membros-da-cpa","status":"publish","type":"post","link":"https:\/\/www.ifbaiano.edu.br\/unidades\/santaines\/eleicao-2015-de-membros-da-cpa\/","title":{"rendered":"Resultado da elei\u00e7\u00e3o da CPA 2015"},"content":{"rendered":"<p>Est\u00e3o abertas as inscri\u00e7\u00f5es para a elei\u00e7\u00e3o de membros e seus suplentes da Comiss\u00e3o Pr\u00f3pria de Avalia\u00e7\u00e3o (CPA) do IF Baiano Campus Santa In\u00eas, que devem contemplar: 01 discente de N\u00edvel M\u00e9dio, 01 discente de N\u00edvel Superior, 01 t\u00e9cnico-administrativo e 01 docente.<br \/>\nA CPA trata-se de uma comiss\u00e3o cuja fun\u00e7\u00e3o \u00e9 sensibilizar, elaborar e organizar o processo da Avalia\u00e7\u00e3o Institucional Interna.<br \/>\nAs inscri\u00e7\u00f5es de candidatura dever\u00e3o ser encaminhadas at\u00e9 \u00e0s 22h00min do dia 15 de julho para o endere\u00e7o eletr\u00f4nico: eleicaocpa2015@si.ifbaiano.edu.br<br \/>\nAs inscri\u00e7\u00f5es devem ser encaminhadas via requerimento pr\u00f3prio (Anexo II ou III do Edital 44\/2015) em arquivo digitalizado no formato PDF, junto com declara\u00e7\u00e3o de estar ciente e de acordo com as normas do referido edital.<br \/>\nOs representantes ser\u00e3o eleitos por seus pares e, para se candidatar, dever\u00e3o fazer parte do quadro de pessoal efetivo (servidores) ou estar regulamente matriculados (discentes), que n\u00e3o estejam cursando o \u00faltimo semestre.A vota\u00e7\u00e3o ser\u00e1 no dia 22 de julho, na \u00e1rea da cantina do Campus, das 08h00min \u00e0s 21h00min. O eleitor deve apresentar documento com foto.<br \/>\nMaiores informa\u00e7\u00f5es podem ser obtidas no Edital 44\/2015, dispon\u00edvel no endere\u00e7o: <a href=\"http:\/\/www.ifbaiano.edu.br\/reitoria\/?p=31096\" target=\"_blank\">http:\/\/www.ifbaiano.edu.br\/reitoria\/?p=31096<\/a><br \/>\nO Regimento Atual da Comiss\u00e3o Pr\u00f3pria de Avalia\u00e7\u00e3o do IF Baiano se encontra dispon\u00edvel no endere\u00e7o:<br \/>\n<a href=\"http:\/\/www.ifbaiano.edu.br\/reitoria\/wp-content\/uploads\/2012\/09\/resolucao_14-2015_alteracao_regimento_cpa_-ifbaiano.pdf\" target=\"_blank\">http:\/\/www.ifbaiano.edu.br\/reitoria\/wp-content\/uploads\/2012\/09\/resolucao_14-2015_alteracao_regimento_cpa_-ifbaiano.pdf<\/a><\/p>\n<h2><a href=\"http:\/\/www.ifbaiano.edu.br\/unidades\/santaines\/files\/2015\/07\/Inscricoes-homologadas-site.pdf\"><strong>Inscri\u00e7\u00f5es homologadas<\/strong> <\/a><\/h2>\n<h2><strong><a href=\"http:\/\/www.ifbaiano.edu.br\/unidades\/santaines\/files\/2015\/07\/Resultado.pdf\">Resultado da elei\u00e7\u00e3o <\/a><\/strong><\/h2>\n<p>&nbsp;<\/p>\n<p>Comiss\u00e3o Local de Elei\u00e7\u00e3o 2015 da CPA<\/p>\n","protected":false},"excerpt":{"rendered":"<p>09\/07\/2015 &#8211; <\/p>\n<h2><strong><a href=\"http:\/\/www.ifbaiano.edu.br\/unidades\/santaines\/files\/2015\/07\/Resultado.pdf\">Resultado da elei\u00e7\u00e3o <\/a><\/strong><\/h2>\n<p>&nbsp;<\/p>\n","protected":false},"author":1,"featured_media":0,"comment_status":"closed","ping_status":"closed","sticky":false,"template":"","format":"standard","meta":[],"categories":[10,1],"tags":[],"_links":{"self":[{"href":"https:\/\/www.ifbaiano.edu.br\/unidades\/santaines\/wp-json\/wp\/v2\/posts\/5782"}],"collection":[{"href":"https:\/\/www.ifbaiano.edu.br\/unidades\/santaines\/wp-json\/wp\/v2\/posts"}],"about":[{"href":"https:\/\/www.ifbaiano.edu.br\/unidades\/santaines\/wp-json\/wp\/v2\/types\/post"}],"author":[{"embeddable":true,"href":"https:\/\/www.ifbaiano.edu.br\/unidades\/santaines\/wp-json\/wp\/v2\/users\/1"}],"replies":[{"embeddable":true,"href":"https:\/\/www.ifbaiano.edu.br\/unidades\/santaines\/wp-json\/wp\/v2\/comments?post=5782"}],"version-history":[{"count":12,"href":"https:\/\/www.ifbaiano.edu.br\/unidades\/santaines\/wp-json\/wp\/v2\/posts\/5782\/revisions"}],"predecessor-version":[{"id":5908,"href":"https:\/\/www.ifbaiano.edu.br\/unidades\/santaines\/wp-json\/wp\/v2\/posts\/5782\/revisions\/5908"}],"wp:attachment":[{"href":"https:\/\/www.ifbaiano.edu.br\/unidades\/santaines\/wp-json\/wp\/v2\/media?parent=5782"}],"wp:term":[{"taxonomy":"category","embeddable":true,"href":"https:\/\/www.ifbaiano.edu.br\/unidades\/santaines\/wp-json\/wp\/v2\/categories?post=5782"},{"taxonomy":"post_tag","embeddable":true,"href":"https:\/\/www.ifbaiano.edu.br\/unidades\/santaines\/wp-json\/wp\/v2\/tags?post=5782"}],"curies":[{"name":"wp","href":"https:\/\/api.w.org\/{rel}","templated":true}]}}