{"id":5825,"date":"2015-07-13T15:59:56","date_gmt":"2015-07-13T18:59:56","guid":{"rendered":"http:\/\/www.ifbaiano.edu.br\/unidades\/santaines\/?p=5825"},"modified":"2015-08-19T09:51:04","modified_gmt":"2015-08-19T12:51:04","slug":"selecao-de-estagarios-2015","status":"publish","type":"post","link":"https:\/\/www.ifbaiano.edu.br\/unidades\/santaines\/selecao-de-estagarios-2015\/","title":{"rendered":"Sele\u00e7\u00e3o de Estag\u00e1rios 2015: Resultado da Entrevista"},"content":{"rendered":"<div>O Diretor Geral do Instituto Federal de Educa\u00e7\u00e3o, Ci\u00eancia e Tecnologia Baiano, Campus Santa In\u00eas, no uso de suas atribui\u00e7\u00f5es legais e regimentais, e considerando a Lei n\u00ba 11.788, de 25\/09\/2008 e da Orienta\u00e7\u00e3o Normativa SRH\/MPOG n\u00ba7 de 30 de outubro de 2008, visando o treinamento de recursos humanos, torna p\u00fablica o Edital N\u00ba 23 de Sele\u00e7\u00e3o de Estagi\u00e1rios 2015, para o quadro de estagi\u00e1rios do Instituto Federal de Educa\u00e7\u00e3o, Ci\u00eancia e Tecnologia Baiano Campus Santa In\u00eas.<\/div>\n<h3><a href=\"http:\/\/www.ifbaiano.edu.br\/unidades\/santaines\/files\/2015\/07\/EDITAL-DE-SELECAO-DE-ESTAGIARIOS-NIVEL-SUPERIOR-e-MEDIO3.pdf\"><span style=\"color: #000000\"><strong>ACESSE O EDITAL<\/strong> (<\/span><span style=\"color: #ff0000\">altera\u00e7\u00e3o de data &#8211; p\u00e1gina 02<\/span><span style=\"color: #000000\">)<\/span><\/a><\/h3>\n<h3><strong><a href=\"http:\/\/www.ifbaiano.edu.br\/unidades\/santaines\/files\/2015\/07\/entrevistasestagio1.pdf\">Confira o resultado final da an\u00e1lise do curr\u00edculo\u00a0<\/a><\/strong><\/h3>\n<h3>\u00a0<strong><a href=\"http:\/\/www.ifbaiano.edu.br\/unidades\/santaines\/files\/2015\/07\/Resultado-da-Entrevista-Estagiarios2.pdf\">Resultado da Entrevista <\/a><\/strong><\/h3>\n<h3><a href=\"http:\/\/www.ifbaiano.edu.br\/unidades\/santaines\/files\/2015\/07\/Resultado-Final.pdf\"><span style=\"color: #000000\">Confira o Resultado Final(<\/span><span style=\"color: #ff0000\">NOVO<\/span><span style=\"color: #000000\">)<\/span><\/a><\/h3>\n<p>&nbsp;<\/p>\n<p>&nbsp;<\/p>\n<p>&nbsp;<\/p>\n","protected":false},"excerpt":{"rendered":"<p>19\/08\/2015 &#8211; <\/p>\n<h3><a href=\"http:\/\/www.ifbaiano.edu.br\/unidades\/santaines\/files\/2015\/07\/Resultado-Final.pdf\"><span style=\"color: #000000\">Confira o Resultado Final(<\/span><span style=\"color: #ff0000\">NOVO<\/span><span style=\"color: #000000\">)<\/span><\/a><\/h3>\n<p>&nbsp;<\/p>\n","protected":false},"author":1,"featured_media":0,"comment_status":"closed","ping_status":"closed","sticky":false,"template":"","format":"standard","meta":[],"categories":[4,5,10,8],"tags":[],"_links":{"self":[{"href":"https:\/\/www.ifbaiano.edu.br\/unidades\/santaines\/wp-json\/wp\/v2\/posts\/5825"}],"collection":[{"href":"https:\/\/www.ifbaiano.edu.br\/unidades\/santaines\/wp-json\/wp\/v2\/posts"}],"about":[{"href":"https:\/\/www.ifbaiano.edu.br\/unidades\/santaines\/wp-json\/wp\/v2\/types\/post"}],"author":[{"embeddable":true,"href":"https:\/\/www.ifbaiano.edu.br\/unidades\/santaines\/wp-json\/wp\/v2\/users\/1"}],"replies":[{"embeddable":true,"href":"https:\/\/www.ifbaiano.edu.br\/unidades\/santaines\/wp-json\/wp\/v2\/comments?post=5825"}],"version-history":[{"count":31,"href":"https:\/\/www.ifbaiano.edu.br\/unidades\/santaines\/wp-json\/wp\/v2\/posts\/5825\/revisions"}],"predecessor-version":[{"id":5829,"href":"https:\/\/www.ifbaiano.edu.br\/unidades\/santaines\/wp-json\/wp\/v2\/posts\/5825\/revisions\/5829"}],"wp:attachment":[{"href":"https:\/\/www.ifbaiano.edu.br\/unidades\/santaines\/wp-json\/wp\/v2\/media?parent=5825"}],"wp:term":[{"taxonomy":"category","embeddable":true,"href":"https:\/\/www.ifbaiano.edu.br\/unidades\/santaines\/wp-json\/wp\/v2\/categories?post=5825"},{"taxonomy":"post_tag","embeddable":true,"href":"https:\/\/www.ifbaiano.edu.br\/unidades\/santaines\/wp-json\/wp\/v2\/tags?post=5825"}],"curies":[{"name":"wp","href":"https:\/\/api.w.org\/{rel}","templated":true}]}}