{"id":5990,"date":"2015-09-16T09:23:16","date_gmt":"2015-09-16T12:23:16","guid":{"rendered":"http:\/\/www.ifbaiano.edu.br\/unidades\/santaines\/?p=5990"},"modified":"2015-11-10T07:02:08","modified_gmt":"2015-11-10T10:02:08","slug":"snct-semana-nacional-de-ciencia-e-tecnologia-2015","status":"publish","type":"post","link":"https:\/\/www.ifbaiano.edu.br\/unidades\/santaines\/snct-semana-nacional-de-ciencia-e-tecnologia-2015\/","title":{"rendered":"SNCT &#8211; SEMANA NACIONAL DE CI\u00caNCIA E TECNOLOGIA 2015"},"content":{"rendered":"<p><strong>Participe voc\u00ea tamb\u00e9m da II Edi\u00e7\u00e3o da Semana Nacional de Ci\u00eancia e Tecnologia!<\/strong><\/p>\n<p>Inscreva seus eventos e atividades de divulga\u00e7\u00e3o de Ci\u00eancia e Tecnologia que far\u00e3o parte da Programa\u00e7\u00e3o Nacional da SNCT 2015<\/p>\n<p>&nbsp;<\/p>\n<h2><strong><a title=\"Semana Nacional de Ci\u00eancia e Tecnologia\" href=\"http:\/\/ifbaianosantaines.tk\/\" target=\"_blank\">ACESSE O ENDERE\u00c7O DO WEBSITE DESTE EVENTO<\/a><\/strong><\/h2>\n<p><strong>Dias 20 e 21 de Outubro de 2015 no IF Baiano campus Santa In\u00eas.<\/strong><strong><\/strong><\/p>\n<p>A programa\u00e7\u00e3o ser\u00e1 desenvolvida de forma que contemple os hor\u00e1rios dos estudantes, professores, assim como, entre turnos de t\u00e9cnicos.<\/p>\n<h2><strong>Tema da SNCT 2015 remete ao Ano Internacional da Luz<\/strong><\/h2>\n","protected":false},"excerpt":{"rendered":"<p>Dias 20 e 21 de Outubro de 2015 no IF Baiano campus Santa In\u00eas<\/p>\n","protected":false},"author":7,"featured_media":0,"comment_status":"closed","ping_status":"closed","sticky":false,"template":"","format":"standard","meta":[],"categories":[4,38,23,10],"tags":[],"_links":{"self":[{"href":"https:\/\/www.ifbaiano.edu.br\/unidades\/santaines\/wp-json\/wp\/v2\/posts\/5990"}],"collection":[{"href":"https:\/\/www.ifbaiano.edu.br\/unidades\/santaines\/wp-json\/wp\/v2\/posts"}],"about":[{"href":"https:\/\/www.ifbaiano.edu.br\/unidades\/santaines\/wp-json\/wp\/v2\/types\/post"}],"author":[{"embeddable":true,"href":"https:\/\/www.ifbaiano.edu.br\/unidades\/santaines\/wp-json\/wp\/v2\/users\/7"}],"replies":[{"embeddable":true,"href":"https:\/\/www.ifbaiano.edu.br\/unidades\/santaines\/wp-json\/wp\/v2\/comments?post=5990"}],"version-history":[{"count":10,"href":"https:\/\/www.ifbaiano.edu.br\/unidades\/santaines\/wp-json\/wp\/v2\/posts\/5990\/revisions"}],"predecessor-version":[{"id":6106,"href":"https:\/\/www.ifbaiano.edu.br\/unidades\/santaines\/wp-json\/wp\/v2\/posts\/5990\/revisions\/6106"}],"wp:attachment":[{"href":"https:\/\/www.ifbaiano.edu.br\/unidades\/santaines\/wp-json\/wp\/v2\/media?parent=5990"}],"wp:term":[{"taxonomy":"category","embeddable":true,"href":"https:\/\/www.ifbaiano.edu.br\/unidades\/santaines\/wp-json\/wp\/v2\/categories?post=5990"},{"taxonomy":"post_tag","embeddable":true,"href":"https:\/\/www.ifbaiano.edu.br\/unidades\/santaines\/wp-json\/wp\/v2\/tags?post=5990"}],"curies":[{"name":"wp","href":"https:\/\/api.w.org\/{rel}","templated":true}]}}