{"id":6070,"date":"2015-10-20T05:26:03","date_gmt":"2015-10-20T08:26:03","guid":{"rendered":"http:\/\/www.ifbaiano.edu.br\/unidades\/santaines\/?p=6070"},"modified":"2015-11-10T07:09:05","modified_gmt":"2015-11-10T10:09:05","slug":"curso-superior-convocacao-para-pre-matricula-e-matricula-semestre-2015-2","status":"publish","type":"post","link":"https:\/\/www.ifbaiano.edu.br\/unidades\/santaines\/curso-superior-convocacao-para-pre-matricula-e-matricula-semestre-2015-2\/","title":{"rendered":"Curso Superior: PRORROGADO a Convoca\u00e7\u00e3o para Pr\u00e9-Matr\u00edcula e Matr\u00edcula dos alunos veteranos &#8211; Semestre 2015.2"},"content":{"rendered":"<p><strong><a href=\"http:\/\/www.ifbaiano.edu.br\/unidades\/santaines\/files\/2015\/10\/prorrogacao_edital_matricula_36_2015.pdf\" target=\"_blank\">Edital de Prorroga\u00e7\u00e3o, n\u00ba 36\/2015<\/a><\/strong><\/p>\n<h3><a href=\"http:\/\/www.ifbaiano.edu.br\/unidades\/santaines\/files\/2015\/10\/EDITAL-N-36-semestre-2015-2-2.pdf\">Acesse o edital <\/a><\/h3>\n","protected":false},"excerpt":{"rendered":"<p>04\/11\/2015 &#8211; <strong><a href=\"http:\/\/www.ifbaiano.edu.br\/unidades\/santaines\/files\/2015\/10\/prorrogacao_edital_matricula_36_2015.pdf\" target=\"_blank\">Edital de Prorroga\u00e7\u00e3o, n\u00ba 36\/2015<\/a><\/strong><\/p>\n<h3><a href=\"http:\/\/www.ifbaiano.edu.br\/unidades\/santaines\/files\/2015\/10\/EDITAL-N-36-semestre-2015-2-2.pdf\">Acesse o edital <\/a><\/h3>\n","protected":false},"author":1,"featured_media":0,"comment_status":"closed","ping_status":"closed","sticky":false,"template":"","format":"standard","meta":[],"categories":[4,10],"tags":[],"_links":{"self":[{"href":"https:\/\/www.ifbaiano.edu.br\/unidades\/santaines\/wp-json\/wp\/v2\/posts\/6070"}],"collection":[{"href":"https:\/\/www.ifbaiano.edu.br\/unidades\/santaines\/wp-json\/wp\/v2\/posts"}],"about":[{"href":"https:\/\/www.ifbaiano.edu.br\/unidades\/santaines\/wp-json\/wp\/v2\/types\/post"}],"author":[{"embeddable":true,"href":"https:\/\/www.ifbaiano.edu.br\/unidades\/santaines\/wp-json\/wp\/v2\/users\/1"}],"replies":[{"embeddable":true,"href":"https:\/\/www.ifbaiano.edu.br\/unidades\/santaines\/wp-json\/wp\/v2\/comments?post=6070"}],"version-history":[{"count":11,"href":"https:\/\/www.ifbaiano.edu.br\/unidades\/santaines\/wp-json\/wp\/v2\/posts\/6070\/revisions"}],"predecessor-version":[{"id":6086,"href":"https:\/\/www.ifbaiano.edu.br\/unidades\/santaines\/wp-json\/wp\/v2\/posts\/6070\/revisions\/6086"}],"wp:attachment":[{"href":"https:\/\/www.ifbaiano.edu.br\/unidades\/santaines\/wp-json\/wp\/v2\/media?parent=6070"}],"wp:term":[{"taxonomy":"category","embeddable":true,"href":"https:\/\/www.ifbaiano.edu.br\/unidades\/santaines\/wp-json\/wp\/v2\/categories?post=6070"},{"taxonomy":"post_tag","embeddable":true,"href":"https:\/\/www.ifbaiano.edu.br\/unidades\/santaines\/wp-json\/wp\/v2\/tags?post=6070"}],"curies":[{"name":"wp","href":"https:\/\/api.w.org\/{rel}","templated":true}]}}