{"id":6075,"date":"2015-10-27T18:35:11","date_gmt":"2015-10-27T21:35:11","guid":{"rendered":"http:\/\/www.ifbaiano.edu.br\/unidades\/santaines\/?p=6075"},"modified":"2015-11-09T15:40:00","modified_gmt":"2015-11-09T18:40:00","slug":"paise","status":"publish","type":"post","link":"https:\/\/www.ifbaiano.edu.br\/unidades\/santaines\/paise\/","title":{"rendered":"PUBLICADO LISTA DOS ESTUDANTES PRE-SELECIONADOS 2015.2 DO PROGRAMA DE ASSIST\u00caNCIA E INCLUS\u00c3O SOCIAL DO ESTUDANTE"},"content":{"rendered":"<p><strong>Publicado 03\/11\/2015 (ter\u00e7a-feira)<\/strong><\/p>\n<h3><strong><a href=\"http:\/\/www.ifbaiano.edu.br\/unidades\/santaines\/files\/2015\/10\/resultado_calouros_2015_2.pdf\" target=\"_blank\">ESTUDANTES PR\u00c9-SELECIONADOS<br \/>\nEDITAL PAISE 2015.2<!--more--><\/a><\/strong><\/h3>\n<p><strong><a href=\"http:\/\/www.ifbaiano.edu.br\/unidades\/santaines\/files\/2015\/10\/edital_paise_2015_2.pdf\" target=\"_blank\">SELE\u00c7\u00c3O &#8211; EDITAL N\u00ba 35 \/2015<\/a><\/strong><\/p>\n<h2><strong><a href=\"http:\/\/www.ifbaiano.edu.br\/unidades\/santaines\/files\/2015\/10\/edital_paise_2015_2.pdf\" target=\"_blank\">Acessem o edital aqui<\/a><\/strong><\/h2>\n<p>O Diretor do Instituto Federal de Educa\u00e7\u00e3o, Ci\u00eancia e Tecnologia Baiano \u2013 IF<br \/>\nBaiano, Campus Santa In\u00eas, no uso de suas atribui\u00e7\u00f5es legais, torna p\u00fablico o presente Edital, que estabelece as normas e<br \/>\ncrit\u00e9rios para sele\u00e7\u00e3o de estudantes da Educa\u00e7\u00e3o Profissional e T\u00e9cnica de N\u00edvel M\u00e9dio,<br \/>\nGradua\u00e7\u00e3o, P\u00f3s-Gradua\u00e7\u00e3o, Educa\u00e7\u00e3o a Dist\u00e2ncia (EaD) e do Programa de Integra\u00e7\u00e3o<br \/>\nda Educa\u00e7\u00e3o Profissional T\u00e9cnica de N\u00edvel M\u00e9dio na modalidade EJA-PROEJA, com a<br \/>\nfinalidade da participa\u00e7\u00e3o na Pol\u00edtica de Assist\u00eancia Estudantil deste Instituto, atrav\u00e9s do<br \/>\nPrograma de Assist\u00eancia e Inclus\u00e3o Social do Estudante \u2013 PAISE<\/p>\n<p>As inscri\u00e7\u00f5es ser\u00e3o realizadas junto \u00e0 Comiss\u00e3o de Assist\u00eancia Estudantil do<br \/>\nCampus Santa In\u00eas, respons\u00e1vel pela sele\u00e7\u00e3o, execu\u00e7\u00e3o, acompanhamento e avalia\u00e7\u00e3o&#8230;<\/p>\n<p><strong><a href=\"http:\/\/www.ifbaiano.edu.br\/unidades\/santaines\/files\/2015\/10\/edital_paise_2015_2.pdf\" target=\"_blank\">Acessem o edital aqui<\/a><\/strong><\/p>\n","protected":false},"excerpt":{"rendered":"<p>Publicado a Lista dos Estudantes Pr\u00e9-Selecionados 2015,2 PAISE<br \/>\nPublicado Edital da Pol\u00edtica de Assist\u00eancia Estudantil deste Instituto (PAISE)<\/p>\n","protected":false},"author":7,"featured_media":0,"comment_status":"closed","ping_status":"closed","sticky":false,"template":"","format":"standard","meta":[],"categories":[4,7],"tags":[],"_links":{"self":[{"href":"https:\/\/www.ifbaiano.edu.br\/unidades\/santaines\/wp-json\/wp\/v2\/posts\/6075"}],"collection":[{"href":"https:\/\/www.ifbaiano.edu.br\/unidades\/santaines\/wp-json\/wp\/v2\/posts"}],"about":[{"href":"https:\/\/www.ifbaiano.edu.br\/unidades\/santaines\/wp-json\/wp\/v2\/types\/post"}],"author":[{"embeddable":true,"href":"https:\/\/www.ifbaiano.edu.br\/unidades\/santaines\/wp-json\/wp\/v2\/users\/7"}],"replies":[{"embeddable":true,"href":"https:\/\/www.ifbaiano.edu.br\/unidades\/santaines\/wp-json\/wp\/v2\/comments?post=6075"}],"version-history":[{"count":10,"href":"https:\/\/www.ifbaiano.edu.br\/unidades\/santaines\/wp-json\/wp\/v2\/posts\/6075\/revisions"}],"predecessor-version":[{"id":6079,"href":"https:\/\/www.ifbaiano.edu.br\/unidades\/santaines\/wp-json\/wp\/v2\/posts\/6075\/revisions\/6079"}],"wp:attachment":[{"href":"https:\/\/www.ifbaiano.edu.br\/unidades\/santaines\/wp-json\/wp\/v2\/media?parent=6075"}],"wp:term":[{"taxonomy":"category","embeddable":true,"href":"https:\/\/www.ifbaiano.edu.br\/unidades\/santaines\/wp-json\/wp\/v2\/categories?post=6075"},{"taxonomy":"post_tag","embeddable":true,"href":"https:\/\/www.ifbaiano.edu.br\/unidades\/santaines\/wp-json\/wp\/v2\/tags?post=6075"}],"curies":[{"name":"wp","href":"https:\/\/api.w.org\/{rel}","templated":true}]}}