{"id":6126,"date":"2015-11-11T14:36:26","date_gmt":"2015-11-11T17:36:26","guid":{"rendered":"http:\/\/www.ifbaiano.edu.br\/unidades\/santaines\/?p=6126"},"modified":"2015-11-11T14:38:53","modified_gmt":"2015-11-11T17:38:53","slug":"ciclos-de-debates-sobre-relacoes-interetnicas","status":"publish","type":"post","link":"https:\/\/www.ifbaiano.edu.br\/unidades\/santaines\/ciclos-de-debates-sobre-relacoes-interetnicas\/","title":{"rendered":"Ciclos de Debates sobre Rela\u00e7\u00f5es Inter\u00e9tnicas"},"content":{"rendered":"<p><a href=\"http:\/\/www.ifbaiano.edu.br\/unidades\/santaines\/files\/2015\/11\/Cartaz-Relacoes-Interetnicas-2.jpg\"><img decoding=\"async\" loading=\"lazy\" class=\"alignleft size-large wp-image-6130\" src=\"http:\/\/www.ifbaiano.edu.br\/unidades\/santaines\/files\/2015\/11\/Cartaz-Relacoes-Interetnicas-2-726x1024.jpg\" alt=\"\" width=\"653\" height=\"922\" srcset=\"https:\/\/www.ifbaiano.edu.br\/unidades\/santaines\/files\/2015\/11\/Cartaz-Relacoes-Interetnicas-2-726x1024.jpg 726w, https:\/\/www.ifbaiano.edu.br\/unidades\/santaines\/files\/2015\/11\/Cartaz-Relacoes-Interetnicas-2-212x300.jpg 212w, https:\/\/www.ifbaiano.edu.br\/unidades\/santaines\/files\/2015\/11\/Cartaz-Relacoes-Interetnicas-2-400x564.jpg 400w, https:\/\/www.ifbaiano.edu.br\/unidades\/santaines\/files\/2015\/11\/Cartaz-Relacoes-Interetnicas-2.jpg 900w\" sizes=\"(max-width: 653px) 100vw, 653px\" \/><\/a><\/p>\n","protected":false},"excerpt":{"rendered":"<p>11\/11\/2015 &#8211; O evento ocorrer\u00e1 de 16 de novembro a 18 de dezembro. <\/p>\n","protected":false},"author":1,"featured_media":0,"comment_status":"closed","ping_status":"closed","sticky":false,"template":"","format":"standard","meta":[],"categories":[4,19,5,37,10],"tags":[],"_links":{"self":[{"href":"https:\/\/www.ifbaiano.edu.br\/unidades\/santaines\/wp-json\/wp\/v2\/posts\/6126"}],"collection":[{"href":"https:\/\/www.ifbaiano.edu.br\/unidades\/santaines\/wp-json\/wp\/v2\/posts"}],"about":[{"href":"https:\/\/www.ifbaiano.edu.br\/unidades\/santaines\/wp-json\/wp\/v2\/types\/post"}],"author":[{"embeddable":true,"href":"https:\/\/www.ifbaiano.edu.br\/unidades\/santaines\/wp-json\/wp\/v2\/users\/1"}],"replies":[{"embeddable":true,"href":"https:\/\/www.ifbaiano.edu.br\/unidades\/santaines\/wp-json\/wp\/v2\/comments?post=6126"}],"version-history":[{"count":6,"href":"https:\/\/www.ifbaiano.edu.br\/unidades\/santaines\/wp-json\/wp\/v2\/posts\/6126\/revisions"}],"predecessor-version":[{"id":6134,"href":"https:\/\/www.ifbaiano.edu.br\/unidades\/santaines\/wp-json\/wp\/v2\/posts\/6126\/revisions\/6134"}],"wp:attachment":[{"href":"https:\/\/www.ifbaiano.edu.br\/unidades\/santaines\/wp-json\/wp\/v2\/media?parent=6126"}],"wp:term":[{"taxonomy":"category","embeddable":true,"href":"https:\/\/www.ifbaiano.edu.br\/unidades\/santaines\/wp-json\/wp\/v2\/categories?post=6126"},{"taxonomy":"post_tag","embeddable":true,"href":"https:\/\/www.ifbaiano.edu.br\/unidades\/santaines\/wp-json\/wp\/v2\/tags?post=6126"}],"curies":[{"name":"wp","href":"https:\/\/api.w.org\/{rel}","templated":true}]}}