{"id":6144,"date":"2015-11-23T15:30:57","date_gmt":"2015-11-23T18:30:57","guid":{"rendered":"http:\/\/www.ifbaiano.edu.br\/unidades\/santaines\/?p=6144"},"modified":"2015-11-23T15:47:57","modified_gmt":"2015-11-23T18:47:57","slug":"aula-inaugural-dos-cursos-de-graduacao-do-if-baiano-campus-santa-ines","status":"publish","type":"post","link":"https:\/\/www.ifbaiano.edu.br\/unidades\/santaines\/aula-inaugural-dos-cursos-de-graduacao-do-if-baiano-campus-santa-ines\/","title":{"rendered":"Aula inaugural dos Cursos de Gradua\u00e7\u00e3o do IF Baiano Campus Santa In\u00eas"},"content":{"rendered":"<p>No dia 30 de Novembro de 2015 (segunda &#8211; feira) ser\u00e1 realizada a aula inaugural dos cursos de gradua\u00e7\u00e3o do IF Baiano Campus Santa In\u00eas: o Bacharelado em Zootecnia das 08:00h as 12:00h da manh\u00e3 e as Licenciaturas em Geografia e Ci\u00eancias Biol\u00f3gicas a partir das 19:00h as 22:30h, referente ao semestre letivo &#8211; 2015.2.<\/p>\n<p>&nbsp;<\/p>\n<p>&nbsp;<\/p>\n<p>&nbsp;<\/p>\n<p>&nbsp;<\/p>\n<p>&nbsp;<\/p>\n","protected":false},"excerpt":{"rendered":"<p>23\/11\/2015 &#8211; O evento acontecer\u00e1  no dia 30 de Novembro de 2015 <\/p>\n","protected":false},"author":1,"featured_media":0,"comment_status":"closed","ping_status":"closed","sticky":false,"template":"","format":"standard","meta":[],"categories":[4,38,12,5,6,7,10],"tags":[],"_links":{"self":[{"href":"https:\/\/www.ifbaiano.edu.br\/unidades\/santaines\/wp-json\/wp\/v2\/posts\/6144"}],"collection":[{"href":"https:\/\/www.ifbaiano.edu.br\/unidades\/santaines\/wp-json\/wp\/v2\/posts"}],"about":[{"href":"https:\/\/www.ifbaiano.edu.br\/unidades\/santaines\/wp-json\/wp\/v2\/types\/post"}],"author":[{"embeddable":true,"href":"https:\/\/www.ifbaiano.edu.br\/unidades\/santaines\/wp-json\/wp\/v2\/users\/1"}],"replies":[{"embeddable":true,"href":"https:\/\/www.ifbaiano.edu.br\/unidades\/santaines\/wp-json\/wp\/v2\/comments?post=6144"}],"version-history":[{"count":3,"href":"https:\/\/www.ifbaiano.edu.br\/unidades\/santaines\/wp-json\/wp\/v2\/posts\/6144\/revisions"}],"predecessor-version":[{"id":6146,"href":"https:\/\/www.ifbaiano.edu.br\/unidades\/santaines\/wp-json\/wp\/v2\/posts\/6144\/revisions\/6146"}],"wp:attachment":[{"href":"https:\/\/www.ifbaiano.edu.br\/unidades\/santaines\/wp-json\/wp\/v2\/media?parent=6144"}],"wp:term":[{"taxonomy":"category","embeddable":true,"href":"https:\/\/www.ifbaiano.edu.br\/unidades\/santaines\/wp-json\/wp\/v2\/categories?post=6144"},{"taxonomy":"post_tag","embeddable":true,"href":"https:\/\/www.ifbaiano.edu.br\/unidades\/santaines\/wp-json\/wp\/v2\/tags?post=6144"}],"curies":[{"name":"wp","href":"https:\/\/api.w.org\/{rel}","templated":true}]}}