{"id":6161,"date":"2015-11-24T07:35:21","date_gmt":"2015-11-24T10:35:21","guid":{"rendered":"http:\/\/www.ifbaiano.edu.br\/unidades\/santaines\/?p=6161"},"modified":"2015-12-02T08:31:05","modified_gmt":"2015-12-02T11:31:05","slug":"aula-inaugural-do-curso-tecnico-em-secretaria-escolar-profuncionario","status":"publish","type":"post","link":"https:\/\/www.ifbaiano.edu.br\/unidades\/santaines\/aula-inaugural-do-curso-tecnico-em-secretaria-escolar-profuncionario\/","title":{"rendered":"Aula Inaugural do Curso T\u00e9cnico em Secretaria Escolar &#8211; PROFUNCION\u00c1RIO"},"content":{"rendered":"<p>Os alunos matriculados no curso T\u00e9cnico em Secretaria Escolar dos munic\u00edpios de Santa In\u00eas, Cravol\u00e2ndia, Laje, Mutu\u00edpe, Uba\u00edra, Marac\u00e1s \u00a0e Brej\u00f5es participar\u00e3o da Aula Inaugural no dia 09\/12\/2015 no Audit\u00f3rio do Campus.<br \/>\nNa oportunidade, al\u00e9m dos alunos estar\u00e1 presente a Dire\u00e7\u00e3o do Campus, os Secret\u00e1rios Municipais de Educa\u00e7\u00e3o, a Equipe Pedag\u00f3gica e a Multidisciplinar do Campus e Diretoria de Ead de Salvador.<br \/>\nO PROFUNCION\u00c1RIO \u00e9 um Programa de Forma\u00e7\u00e3o Inicial em Servi\u00e7o dos Profissionais da Educa\u00e7\u00e3o B\u00e1sica dos Sistemas de Ensino P\u00fablico.<br \/>\nOs alunos foram selecionados a partir do interesse manifestado na reuni\u00e3o do Educavale com apoio da UNDIME no m\u00eas de outubro\/2015.<\/p>\n<p>Maiores Informa\u00e7\u00f5es atrav\u00e9s do email: polo.ines@ead.ifbaiano.edu.br<\/p>\n<p>Coordendora do Polo Santa In\u00eas: Claudia Bocchese de Lima<br \/>\n<a href=\"http:\/\/www.ifbaiano.edu.br\/unidades\/santaines\/files\/2015\/11\/convite-Pnj1.png\"><img decoding=\"async\" loading=\"lazy\" class=\"alignleft size-large wp-image-6167\" src=\"http:\/\/www.ifbaiano.edu.br\/unidades\/santaines\/files\/2015\/11\/convite-Pnj1-1024x643.png\" alt=\"\" width=\"678\" height=\"450\" \/><\/a><br \/>\n&nbsp;<\/p>\n<p>&nbsp;<\/p>\n<p>&nbsp;<\/p>\n<p>&nbsp;<\/p>\n<p>&nbsp;<\/p>\n<p>&nbsp;<\/p>\n<p>&nbsp;<\/p>\n<p>&nbsp;<\/p>\n<p>&nbsp;<\/p>\n<p>&nbsp;<\/p>\n<p>&nbsp;<\/p>\n<p>&nbsp;<\/p>\n<p>&nbsp;<\/p>\n","protected":false},"excerpt":{"rendered":"<p>24\/11\/2015 &#8211; A aula ser\u00e1 no dia 09\/12\/2015 no Audit\u00f3rio do Campus. <\/p>\n","protected":false},"author":1,"featured_media":0,"comment_status":"closed","ping_status":"closed","sticky":false,"template":"","format":"standard","meta":[],"categories":[19,37,10],"tags":[],"_links":{"self":[{"href":"https:\/\/www.ifbaiano.edu.br\/unidades\/santaines\/wp-json\/wp\/v2\/posts\/6161"}],"collection":[{"href":"https:\/\/www.ifbaiano.edu.br\/unidades\/santaines\/wp-json\/wp\/v2\/posts"}],"about":[{"href":"https:\/\/www.ifbaiano.edu.br\/unidades\/santaines\/wp-json\/wp\/v2\/types\/post"}],"author":[{"embeddable":true,"href":"https:\/\/www.ifbaiano.edu.br\/unidades\/santaines\/wp-json\/wp\/v2\/users\/1"}],"replies":[{"embeddable":true,"href":"https:\/\/www.ifbaiano.edu.br\/unidades\/santaines\/wp-json\/wp\/v2\/comments?post=6161"}],"version-history":[{"count":9,"href":"https:\/\/www.ifbaiano.edu.br\/unidades\/santaines\/wp-json\/wp\/v2\/posts\/6161\/revisions"}],"predecessor-version":[{"id":6173,"href":"https:\/\/www.ifbaiano.edu.br\/unidades\/santaines\/wp-json\/wp\/v2\/posts\/6161\/revisions\/6173"}],"wp:attachment":[{"href":"https:\/\/www.ifbaiano.edu.br\/unidades\/santaines\/wp-json\/wp\/v2\/media?parent=6161"}],"wp:term":[{"taxonomy":"category","embeddable":true,"href":"https:\/\/www.ifbaiano.edu.br\/unidades\/santaines\/wp-json\/wp\/v2\/categories?post=6161"},{"taxonomy":"post_tag","embeddable":true,"href":"https:\/\/www.ifbaiano.edu.br\/unidades\/santaines\/wp-json\/wp\/v2\/tags?post=6161"}],"curies":[{"name":"wp","href":"https:\/\/api.w.org\/{rel}","templated":true}]}}