{"id":6231,"date":"2015-12-04T11:22:37","date_gmt":"2015-12-04T14:22:37","guid":{"rendered":"http:\/\/www.ifbaiano.edu.br\/unidades\/santaines\/?p=6231"},"modified":"2015-12-04T11:22:37","modified_gmt":"2015-12-04T14:22:37","slug":"estudantes-do-campus-santa-ines-premiados-na-obmep-2014-e-2015","status":"publish","type":"post","link":"https:\/\/www.ifbaiano.edu.br\/unidades\/santaines\/estudantes-do-campus-santa-ines-premiados-na-obmep-2014-e-2015\/","title":{"rendered":"Estudantes do Campus Santa In\u00eas premiados na OBMEP 2014 e 2015."},"content":{"rendered":"<p><span style=\"font-family: Arial,serif\"><span style=\"font-size: small\">\u00c9 com grande orgulho que o IF Baiano Campus Santa In\u00eas parabeniza seus estudantes premiados na Olimp\u00edada Brasileira de Matem\u00e1tica das Escolas P\u00fablicas \u2013 OBMEP, edi\u00e7\u00e3o 2014 e 2015. <\/span><\/span><\/p>\n<h3><strong><span style=\"font-family: Arial,serif\"><span style=\"font-size: small\">Edi\u00e7\u00e3o 2014<\/span><\/span><\/strong><\/h3>\n<ol>\n<li><span style=\"font-family: Arial,serif\"><span style=\"font-size: small\">Andr\u00e9 Gon\u00e7alves Gomes \u2013 Medalha de Ouro Estadual<\/span><\/span><\/li>\n<li><span style=\"font-family: Arial,serif\"><span style=\"font-size: small\">Caio Fran\u00e7a dos Santos \u2013 Medalha de Prata Estadual<\/span><\/span><\/li>\n<li><span style=\"font-family: Arial,serif\"><span style=\"font-size: small\">H\u00e9rmeson Oliveira Eloi \u2013 Medalha de Bronze Estadual<\/span><\/span><\/li>\n<\/ol>\n<h3><strong><span style=\"font-family: Arial,serif\"><span style=\"font-size: small\">Edi\u00e7\u00e3o 2015<\/span><\/span><\/strong><\/h3>\n<ol>\n<li><span style=\"font-family: Arial,serif\"><span style=\"font-size: small\">Cleyton Almeida da Silva \u2013 Men\u00e7\u00e3o Honrosa Nacional<\/span><\/span><\/li>\n<li><span style=\"font-family: Arial,serif\"><span style=\"font-size: small\">Joadson Meira Souza \u2013 Men\u00e7\u00e3o Honrosa Nacional<\/span><\/span><\/li>\n<li><span style=\"font-family: Arial,serif\"><span style=\"font-size: small\">Rog\u00e9rio Moreira Almeida \u2013 Men\u00e7\u00e3o Honrosa Nacional<\/span><\/span><\/li>\n<\/ol>\n<p><span style=\"font-family: Arial,serif\"><span style=\"font-size: small\">\u00c9 importante ressaltar que esses alunos se destacaram num universo de mais de 18 milh\u00f5es de alunos!<\/span><\/span><\/p>\n<p><span style=\"font-family: Arial,serif\"><span style=\"font-size: small\">Os medalhistas j\u00e1 est\u00e3o sendo convidados a participar do Programa de Inicia\u00e7\u00e3o Cient\u00edfica Jr. (PIC-Jr) em 2016.<\/span><\/span><\/p>\n<p><span style=\"font-family: Arial,serif\"><span style=\"font-size: small\">Manifestamos nosso agradecimento ao Professor Get\u00falio Rocha Silva, por Coordenar o Grupo de Estudos de prepara\u00e7\u00e3o para OBMEP e incentivar a participa\u00e7\u00e3o dos estudantes na Olimp\u00edada.<\/span><\/span><\/p>\n","protected":false},"excerpt":{"rendered":"<p>04\/12\/2015 &#8211; \u00c9 com grande orgulho que o IF Baiano Campus Santa In\u00eas parabeniza seus estudantes premiados na Olimp\u00edada Brasileira de Matem\u00e1tica das Escolas P\u00fablicas \u2013 OBMEP, edi\u00e7\u00e3o 2014 e 2015.<\/p>\n","protected":false},"author":1,"featured_media":0,"comment_status":"closed","ping_status":"closed","sticky":false,"template":"","format":"standard","meta":[],"categories":[4,38,10],"tags":[],"_links":{"self":[{"href":"https:\/\/www.ifbaiano.edu.br\/unidades\/santaines\/wp-json\/wp\/v2\/posts\/6231"}],"collection":[{"href":"https:\/\/www.ifbaiano.edu.br\/unidades\/santaines\/wp-json\/wp\/v2\/posts"}],"about":[{"href":"https:\/\/www.ifbaiano.edu.br\/unidades\/santaines\/wp-json\/wp\/v2\/types\/post"}],"author":[{"embeddable":true,"href":"https:\/\/www.ifbaiano.edu.br\/unidades\/santaines\/wp-json\/wp\/v2\/users\/1"}],"replies":[{"embeddable":true,"href":"https:\/\/www.ifbaiano.edu.br\/unidades\/santaines\/wp-json\/wp\/v2\/comments?post=6231"}],"version-history":[{"count":2,"href":"https:\/\/www.ifbaiano.edu.br\/unidades\/santaines\/wp-json\/wp\/v2\/posts\/6231\/revisions"}],"predecessor-version":[{"id":6233,"href":"https:\/\/www.ifbaiano.edu.br\/unidades\/santaines\/wp-json\/wp\/v2\/posts\/6231\/revisions\/6233"}],"wp:attachment":[{"href":"https:\/\/www.ifbaiano.edu.br\/unidades\/santaines\/wp-json\/wp\/v2\/media?parent=6231"}],"wp:term":[{"taxonomy":"category","embeddable":true,"href":"https:\/\/www.ifbaiano.edu.br\/unidades\/santaines\/wp-json\/wp\/v2\/categories?post=6231"},{"taxonomy":"post_tag","embeddable":true,"href":"https:\/\/www.ifbaiano.edu.br\/unidades\/santaines\/wp-json\/wp\/v2\/tags?post=6231"}],"curies":[{"name":"wp","href":"https:\/\/api.w.org\/{rel}","templated":true}]}}