{"id":6267,"date":"2015-12-10T09:54:45","date_gmt":"2015-12-10T12:54:45","guid":{"rendered":"http:\/\/www.ifbaiano.edu.br\/unidades\/santaines\/?p=6267"},"modified":"2015-12-10T09:59:57","modified_gmt":"2015-12-10T12:59:57","slug":"aula-inaugural-do-profuncionario","status":"publish","type":"post","link":"https:\/\/www.ifbaiano.edu.br\/unidades\/santaines\/aula-inaugural-do-profuncionario\/","title":{"rendered":"Aula Inaugural do PROFUNCION\u00c1RIO"},"content":{"rendered":"<p style=\"text-align: right\">10\/12\/2015 \/ 10:00<\/p>\n<p style=\"text-align: justify\">Curso T\u00e9cnico de Secretaria Escolar reuniu na tarde do dia 09\/12\/2015, no Audit\u00f3rio do Campus 40 estudantes, todos atuantes em escolas das cidades de Santa In\u00eas, Brej\u00f5es, Cravol\u00e2ndia, Laje, Marac\u00e1s, Mutu\u00edpe e Uba\u00edra, a Secret\u00e1ria Municipal de Santa In\u00eas, Prof. Isabel Coelho, as tutoras do curso, Claudia Martins e Rita Cruz, al\u00e9m da Diretora Acad\u00eamica, Prof. Rosineide Braz Fonseca e do Diretor Geral do Campus, Prof. Nelson Vieira da Silva Filho.<br \/>\nO PROFUNCION\u00c1RIO \u00e9 um programa do Governo Federal para capacita\u00e7\u00e3o em servi\u00e7o dos profissionais de apoio \u00e0 educa\u00e7\u00e3o. As aulas ocorrem na forma semipresencial, e os encontros acontecer\u00e3o na Sala da Agricultura 1 a partir do ano que vem.<\/p>\n<p style=\"text-align: justify\">\nCoordenadora do Polo Santa In\u00eas: Claudia Bocchese de Lima<\/p>\n","protected":false},"excerpt":{"rendered":"<p>10\/12\/2015 &#8211; Curso T\u00e9cnico de Secretaria Escolar reuniu na tarde do dia 09\/12\/2015, no Audit\u00f3rio do Campus Santa In\u00eas 40 estudantes.<\/p>\n","protected":false},"author":1,"featured_media":0,"comment_status":"closed","ping_status":"closed","sticky":false,"template":"","format":"standard","meta":[],"categories":[4,37,10],"tags":[],"_links":{"self":[{"href":"https:\/\/www.ifbaiano.edu.br\/unidades\/santaines\/wp-json\/wp\/v2\/posts\/6267"}],"collection":[{"href":"https:\/\/www.ifbaiano.edu.br\/unidades\/santaines\/wp-json\/wp\/v2\/posts"}],"about":[{"href":"https:\/\/www.ifbaiano.edu.br\/unidades\/santaines\/wp-json\/wp\/v2\/types\/post"}],"author":[{"embeddable":true,"href":"https:\/\/www.ifbaiano.edu.br\/unidades\/santaines\/wp-json\/wp\/v2\/users\/1"}],"replies":[{"embeddable":true,"href":"https:\/\/www.ifbaiano.edu.br\/unidades\/santaines\/wp-json\/wp\/v2\/comments?post=6267"}],"version-history":[{"count":3,"href":"https:\/\/www.ifbaiano.edu.br\/unidades\/santaines\/wp-json\/wp\/v2\/posts\/6267\/revisions"}],"predecessor-version":[{"id":6269,"href":"https:\/\/www.ifbaiano.edu.br\/unidades\/santaines\/wp-json\/wp\/v2\/posts\/6267\/revisions\/6269"}],"wp:attachment":[{"href":"https:\/\/www.ifbaiano.edu.br\/unidades\/santaines\/wp-json\/wp\/v2\/media?parent=6267"}],"wp:term":[{"taxonomy":"category","embeddable":true,"href":"https:\/\/www.ifbaiano.edu.br\/unidades\/santaines\/wp-json\/wp\/v2\/categories?post=6267"},{"taxonomy":"post_tag","embeddable":true,"href":"https:\/\/www.ifbaiano.edu.br\/unidades\/santaines\/wp-json\/wp\/v2\/tags?post=6267"}],"curies":[{"name":"wp","href":"https:\/\/api.w.org\/{rel}","templated":true}]}}