{"id":6349,"date":"2015-12-11T17:51:04","date_gmt":"2015-12-11T20:51:04","guid":{"rendered":"http:\/\/www.ifbaiano.edu.br\/unidades\/santaines\/?p=6349"},"modified":"2015-12-11T17:51:04","modified_gmt":"2015-12-11T20:51:04","slug":"renovacao-de-matricula-curso-tecnico-em-informatica-subsequente-semestre-2016-1","status":"publish","type":"post","link":"https:\/\/www.ifbaiano.edu.br\/unidades\/santaines\/renovacao-de-matricula-curso-tecnico-em-informatica-subsequente-semestre-2016-1\/","title":{"rendered":"RENOVA\u00c7\u00c3O DE MATR\u00cdCULA &#8211; CURSO T\u00c9CNICO EM INFORM\u00c1TICA SUBSEQUENTE ( SEMESTRE 2016.1)"},"content":{"rendered":"<pre>O Diretor Geral do IF Baiano Campus Santa In\u00eas, no uso de suas atribui\u00e7\u00f5es\r\nlegais conforme lhe confere a Portaria n\u00ba 330 de 18\/03\/2014 publicada no DOU\r\nde 19\/03\/2014, torna p\u00fablico o Edital de Renova\u00e7\u00e3o de Matr\u00edcula do Curso\r\nT\u00e9cnico em Inform\u00e1tica \u2013 Subsequente, semestre 2016.1.<\/pre>\n<pre><strong>PER\u00cdODO: 14 a 18 de dezembro de 2015<\/strong><\/pre>\n<pre>Mais informa\u00e7\u00f5es acessar aqui o <strong><a href=\"http:\/\/www.ifbaiano.edu.br\/unidades\/santaines\/files\/2015\/12\/Edital_N_38_Renovacao_de_matricula_Informatica_2016_1.pdf\" target=\"_blank\">EDITAL DE RENOVA\u00c7\u00c3O DE MATR\u00cdCULA<\/a><\/strong><\/pre>\n<pre><\/pre>\n<pre><\/pre>\n<pre><\/pre>\n","protected":false},"excerpt":{"rendered":"<p>O IF Baiano Campus Santa In\u00eas torna p\u00fablico o Edital de Renova\u00e7\u00e3o de Matr\u00edcula do Curso<br \/>\nT\u00e9cnico em Inform\u00e1tica \u2013 Subsequente, semestre 2016.1.<br \/>\nPER\u00cdODO: 14 a 18 de dezembro de 2015<br \/>\nmais informa\u00e7\u00f5es acessem o Edital<\/p>\n","protected":false},"author":7,"featured_media":0,"comment_status":"closed","ping_status":"closed","sticky":false,"template":"","format":"standard","meta":[],"categories":[4,5,10],"tags":[],"_links":{"self":[{"href":"https:\/\/www.ifbaiano.edu.br\/unidades\/santaines\/wp-json\/wp\/v2\/posts\/6349"}],"collection":[{"href":"https:\/\/www.ifbaiano.edu.br\/unidades\/santaines\/wp-json\/wp\/v2\/posts"}],"about":[{"href":"https:\/\/www.ifbaiano.edu.br\/unidades\/santaines\/wp-json\/wp\/v2\/types\/post"}],"author":[{"embeddable":true,"href":"https:\/\/www.ifbaiano.edu.br\/unidades\/santaines\/wp-json\/wp\/v2\/users\/7"}],"replies":[{"embeddable":true,"href":"https:\/\/www.ifbaiano.edu.br\/unidades\/santaines\/wp-json\/wp\/v2\/comments?post=6349"}],"version-history":[{"count":1,"href":"https:\/\/www.ifbaiano.edu.br\/unidades\/santaines\/wp-json\/wp\/v2\/posts\/6349\/revisions"}],"predecessor-version":[{"id":6351,"href":"https:\/\/www.ifbaiano.edu.br\/unidades\/santaines\/wp-json\/wp\/v2\/posts\/6349\/revisions\/6351"}],"wp:attachment":[{"href":"https:\/\/www.ifbaiano.edu.br\/unidades\/santaines\/wp-json\/wp\/v2\/media?parent=6349"}],"wp:term":[{"taxonomy":"category","embeddable":true,"href":"https:\/\/www.ifbaiano.edu.br\/unidades\/santaines\/wp-json\/wp\/v2\/categories?post=6349"},{"taxonomy":"post_tag","embeddable":true,"href":"https:\/\/www.ifbaiano.edu.br\/unidades\/santaines\/wp-json\/wp\/v2\/tags?post=6349"}],"curies":[{"name":"wp","href":"https:\/\/api.w.org\/{rel}","templated":true}]}}