{"id":6371,"date":"2016-01-26T15:59:09","date_gmt":"2016-01-26T18:59:09","guid":{"rendered":"http:\/\/www.ifbaiano.edu.br\/unidades\/santaines\/?p=6371"},"modified":"2016-01-28T08:28:54","modified_gmt":"2016-01-28T11:28:54","slug":"edital-de-matricula-2016","status":"publish","type":"post","link":"https:\/\/www.ifbaiano.edu.br\/unidades\/santaines\/edital-de-matricula-2016\/","title":{"rendered":"IF Baiano \u2013 Campus Santa In\u00eas divulga cronograma de matr\u00edcula"},"content":{"rendered":"<p style=\"text-align: right\">28\/01\/2016<\/p>\n<p style=\"text-align: justify\">Entre janeiro e fevereiro<strong>,<\/strong> inicia o per\u00edodo de matr\u00edcula para os classificados\u00a0nos cursos de Agropecu\u00e1ria (modalidade Integrada e Proeja), Alimentos (modalidade Integrada), Inform\u00e1tica (modalidade Subsequente) e\u00a0Zootecnia (modalidade\u00a0Integrada) do Processo Seletivo 2016 do Instituto Federal Baiano (IF Baiano) \u2013 <em>Campus<\/em> Santa In\u00eas.<\/p>\n<p style=\"text-align: justify\" align=\"JUSTIFY\"><strong> <\/strong>Segundo cronograma, as datas para as chamadas s\u00e3o<strong> no curso de Inform\u00e1tica:<\/strong> primeira chamada (27 a 29 de janeiro), segunda chamada (2 e 3 de fevereiro) e terceira chamada (5 de fevereiro). J\u00e1 os demais cursos s\u00e3o: primeira chamada (15 a 19 de fevereiro), segunda chamada (23 a 26 de fevereiro) e terceira chamada (2\u00a0de mar\u00e7o). Assim, os candidatos classificados devem comparecer \u00e0 Secretaria de Registros Acad\u00eamicos (SRA) do IF Baiano com originais e c\u00f3pias de documentos (ver edital).<\/p>\n<p><strong>Edital <\/strong> &#8211; <a href=\"http:\/\/concurso.ifbaiano.edu.br\/portal\/discente20161\/wp-content\/uploads\/sites\/26\/2016\/01\/SAI_Edital-de-Matricula-2016.pdf\" target=\"_blank\">http:\/\/concurso.ifbaiano.edu.br\/portal\/discente20161\/wp-content\/uploads\/sites\/26\/2016\/01\/SAI_Edital-de-Matricula-2016.pdf<\/a><\/p>\n<p>&nbsp;<\/p>\n<p><strong>Mais informa\u00e7\u00f5es: <\/strong><a href=\"http:\/\/concurso.ifbaiano.edu.br\/portal\/discente20161\/\" target=\"_blank\">http:\/\/concurso.ifbaiano.edu.br\/portal\/discente20161\/<\/a><\/p>\n<p>&nbsp;<\/p>\n<p><strong>Contato:<\/strong><\/p>\n<p>BR 420 (Rodovia Santa In\u00eas \u2013 Uba\u00edra), Zona Rural<\/p>\n<p>Santa In\u00eas &#8211; BA<\/p>\n<p>CEP 45320-000<\/p>\n<p>Telefone: <a href=\"%2873%29%203536-1210\">(73) 3536-1210<br \/>\n<\/a><\/p>\n<p>&nbsp;<\/p>\n<p>&nbsp;<\/p>\n<p>&nbsp;<\/p>\n<p>&nbsp;<\/p>\n<p>&nbsp;<\/p>\n<p>&nbsp;<\/p>\n<p>&nbsp;<\/p>\n<p>&nbsp;<\/p>\n<p>&nbsp;<\/p>\n<p>&nbsp;<\/p>\n<p>&nbsp;<\/p>\n<p>&nbsp;<\/p>\n","protected":false},"excerpt":{"rendered":"<p>28\/01\/2016 &#8211; Classificados no Processo Seletivo 2016 devem ficar atentos \u00e0s chamadas<\/p>\n","protected":false},"author":1,"featured_media":0,"comment_status":"closed","ping_status":"closed","sticky":false,"template":"","format":"standard","meta":[],"categories":[4,5,10,8],"tags":[],"_links":{"self":[{"href":"https:\/\/www.ifbaiano.edu.br\/unidades\/santaines\/wp-json\/wp\/v2\/posts\/6371"}],"collection":[{"href":"https:\/\/www.ifbaiano.edu.br\/unidades\/santaines\/wp-json\/wp\/v2\/posts"}],"about":[{"href":"https:\/\/www.ifbaiano.edu.br\/unidades\/santaines\/wp-json\/wp\/v2\/types\/post"}],"author":[{"embeddable":true,"href":"https:\/\/www.ifbaiano.edu.br\/unidades\/santaines\/wp-json\/wp\/v2\/users\/1"}],"replies":[{"embeddable":true,"href":"https:\/\/www.ifbaiano.edu.br\/unidades\/santaines\/wp-json\/wp\/v2\/comments?post=6371"}],"version-history":[{"count":6,"href":"https:\/\/www.ifbaiano.edu.br\/unidades\/santaines\/wp-json\/wp\/v2\/posts\/6371\/revisions"}],"predecessor-version":[{"id":6376,"href":"https:\/\/www.ifbaiano.edu.br\/unidades\/santaines\/wp-json\/wp\/v2\/posts\/6371\/revisions\/6376"}],"wp:attachment":[{"href":"https:\/\/www.ifbaiano.edu.br\/unidades\/santaines\/wp-json\/wp\/v2\/media?parent=6371"}],"wp:term":[{"taxonomy":"category","embeddable":true,"href":"https:\/\/www.ifbaiano.edu.br\/unidades\/santaines\/wp-json\/wp\/v2\/categories?post=6371"},{"taxonomy":"post_tag","embeddable":true,"href":"https:\/\/www.ifbaiano.edu.br\/unidades\/santaines\/wp-json\/wp\/v2\/tags?post=6371"}],"curies":[{"name":"wp","href":"https:\/\/api.w.org\/{rel}","templated":true}]}}