{"id":6385,"date":"2016-01-28T13:26:49","date_gmt":"2016-01-28T16:26:49","guid":{"rendered":"http:\/\/www.ifbaiano.edu.br\/unidades\/santaines\/?p=6385"},"modified":"2016-01-28T14:38:01","modified_gmt":"2016-01-28T17:38:01","slug":"versao-preliminar-do-projeto-politico-pedagogico","status":"publish","type":"post","link":"https:\/\/www.ifbaiano.edu.br\/unidades\/santaines\/versao-preliminar-do-projeto-politico-pedagogico\/","title":{"rendered":"Vers\u00e3o preliminar do Projeto Pol\u00edtico Pedag\u00f3gico"},"content":{"rendered":"<p style=\"text-align: right\">28\/01\/2016<\/p>\n<p>IF Baiano Campus Santa In\u00eas socializa vers\u00e3o preliminar do Projeto Pol\u00edtico Pedag\u00f3gico com a comunidade para contribui\u00e7\u00f5es.<\/p>\n<p>Esta vers\u00e3o inicial se constituiu a partir da compila\u00e7\u00e3o de diversos documentos produzidos no cotidiano do Campus\/Institui\u00e7\u00e3o; assim como de textos e proposi\u00e7\u00f5es resultantes dos diferentes espa\u00e7os de constru\u00e7\u00e3o coletiva vivenciados em 2015. A estrutura do PPP segue orienta\u00e7\u00f5es indicadas pela Pr\u00f3-Reitoria de Ensino do IF Baiano.<\/p>\n<p>As contribui\u00e7\u00f5es dever\u00e3o ser encaminhadas, at\u00e9 o dia 15 de fevereiro de 2016, para os e-mails<a href=\"arlene.malta@si.ifbaiano.edu.br\"> arlene.malta@si.ifbaiano.edu.br<\/a> e\/ou<a href=\" pedagogico@si.ifbaiano.edu.br\"> pedagogico@si.ifbaiano.edu.br<\/a>. A partir das contribui\u00e7\u00f5es da Comunidade, ser\u00e1(\u00e3o) realizada(s) reuni\u00e3o(\u00f5es) geral(is) para valida\u00e7\u00e3o e\/ou revis\u00e3o final do documento.<\/p>\n<h3><a href=\"http:\/\/www.ifbaiano.edu.br\/unidades\/santaines\/files\/2016\/01\/PPP-Santa-Ines-.pdf\"> Acesse a vers\u00e3o preliminar do Projeto Pol\u00edtico Pedag\u00f3gico<\/a><\/h3>\n<p>&nbsp;<\/p>\n<p><a href=\"http:\/\/www.ifbaiano.edu.br\/unidades\/santaines\/files\/2016\/01\/Cartaz-site-42.png\"><img decoding=\"async\" loading=\"lazy\" class=\"alignleft size-full wp-image-6396\" src=\"http:\/\/www.ifbaiano.edu.br\/unidades\/santaines\/files\/2016\/01\/Cartaz-site-42.png\" alt=\"\" width=\"666\" height=\"349\" \/><\/a><\/p>\n<p>&nbsp;<\/p>\n<p>&nbsp;<\/p>\n<p style=\"text-align: left\">\n","protected":false},"excerpt":{"rendered":"<p>28\/01\/2016 &#8211; As contribui\u00e7\u00f5es dever\u00e3o ser encaminhadas, at\u00e9 o dia 15 de fevereiro de 2016.<\/p>\n","protected":false},"author":1,"featured_media":0,"comment_status":"closed","ping_status":"closed","sticky":false,"template":"","format":"standard","meta":[],"categories":[4,38,10],"tags":[],"_links":{"self":[{"href":"https:\/\/www.ifbaiano.edu.br\/unidades\/santaines\/wp-json\/wp\/v2\/posts\/6385"}],"collection":[{"href":"https:\/\/www.ifbaiano.edu.br\/unidades\/santaines\/wp-json\/wp\/v2\/posts"}],"about":[{"href":"https:\/\/www.ifbaiano.edu.br\/unidades\/santaines\/wp-json\/wp\/v2\/types\/post"}],"author":[{"embeddable":true,"href":"https:\/\/www.ifbaiano.edu.br\/unidades\/santaines\/wp-json\/wp\/v2\/users\/1"}],"replies":[{"embeddable":true,"href":"https:\/\/www.ifbaiano.edu.br\/unidades\/santaines\/wp-json\/wp\/v2\/comments?post=6385"}],"version-history":[{"count":11,"href":"https:\/\/www.ifbaiano.edu.br\/unidades\/santaines\/wp-json\/wp\/v2\/posts\/6385\/revisions"}],"predecessor-version":[{"id":6387,"href":"https:\/\/www.ifbaiano.edu.br\/unidades\/santaines\/wp-json\/wp\/v2\/posts\/6385\/revisions\/6387"}],"wp:attachment":[{"href":"https:\/\/www.ifbaiano.edu.br\/unidades\/santaines\/wp-json\/wp\/v2\/media?parent=6385"}],"wp:term":[{"taxonomy":"category","embeddable":true,"href":"https:\/\/www.ifbaiano.edu.br\/unidades\/santaines\/wp-json\/wp\/v2\/categories?post=6385"},{"taxonomy":"post_tag","embeddable":true,"href":"https:\/\/www.ifbaiano.edu.br\/unidades\/santaines\/wp-json\/wp\/v2\/tags?post=6385"}],"curies":[{"name":"wp","href":"https:\/\/api.w.org\/{rel}","templated":true}]}}