{"id":6451,"date":"2016-02-12T14:17:20","date_gmt":"2016-02-12T17:17:20","guid":{"rendered":"http:\/\/www.ifbaiano.edu.br\/unidades\/santaines\/?p=6451"},"modified":"2016-02-12T14:34:20","modified_gmt":"2016-02-12T17:34:20","slug":"eleicao-conad","status":"publish","type":"post","link":"https:\/\/www.ifbaiano.edu.br\/unidades\/santaines\/eleicao-conad\/","title":{"rendered":"Elei\u00e7\u00e3o do Conselho de Administra\u00e7\u00e3o &#8211; CONAD"},"content":{"rendered":"<p style=\"text-align: right\">12\/02\/2016<\/p>\n<p style=\"text-align: left\">A Comiss\u00e3o respons\u00e1vel pela elei\u00e7\u00e3o do Conselho de Administra\u00e7\u00e3o &#8211; CONAD &#8211; Campus Santa In\u00eas (Portaria 001 de 20\/01\/2016), informa que est\u00e1 aberto o processo para eleger os representantes desse conselho.<\/p>\n<p style=\"text-align: left\">Em anexo, encontra-se dispon\u00edvel as normas internas do processo eleitoral, bem como o Regimento Geral do IF Baiano que, em seu Cap\u00edtulo IV, Se\u00e7\u00e3o III, prev\u00ea a cria\u00e7\u00e3o, composi\u00e7\u00e3o e compet\u00eancia do CONAD.<\/p>\n<h3 style=\"text-align: left\"><a href=\"http:\/\/www.ifbaiano.edu.br\/unidades\/santaines\/files\/2016\/02\/Regimento-Geral.pdf\">Regimento Geral<\/a><\/h3>\n<h3 style=\"text-align: left\"><a href=\"http:\/\/www.ifbaiano.edu.br\/unidades\/santaines\/files\/2016\/02\/Regulamento-Interno-CONAD.pdf\">Regulamento Interno &#8211; CONAD<\/a><\/h3>\n<p>Maiores informa\u00e7\u00f5es:\u00a0Comiss\u00e3o Eleitoral<br \/>\nPortaria 001 de 20\/01\/2016<\/p>\n<p>Email:<a href=\"eleicoes.conad@si.ifbaiano.edu.br\"> eleicoes.conad@si.ifbaiano.edu.br<\/a><\/p>\n<p>&nbsp;<\/p>\n<p>&nbsp;<\/p>\n<p>&nbsp;<\/p>\n","protected":false},"excerpt":{"rendered":"<p>12\/02\/2016 &#8211; A Comiss\u00e3o respons\u00e1vel pela elei\u00e7\u00e3o do Conselho de Administra\u00e7\u00e3o &#8211; CONAD &#8211; Campus Santa In\u00eas (Portaria 001 de 20\/01\/2016), informa que est\u00e1 aberto o processo para eleger os representantes desse conselho.<\/p>\n","protected":false},"author":1,"featured_media":0,"comment_status":"closed","ping_status":"closed","sticky":false,"template":"","format":"standard","meta":[],"categories":[4,38,10],"tags":[],"_links":{"self":[{"href":"https:\/\/www.ifbaiano.edu.br\/unidades\/santaines\/wp-json\/wp\/v2\/posts\/6451"}],"collection":[{"href":"https:\/\/www.ifbaiano.edu.br\/unidades\/santaines\/wp-json\/wp\/v2\/posts"}],"about":[{"href":"https:\/\/www.ifbaiano.edu.br\/unidades\/santaines\/wp-json\/wp\/v2\/types\/post"}],"author":[{"embeddable":true,"href":"https:\/\/www.ifbaiano.edu.br\/unidades\/santaines\/wp-json\/wp\/v2\/users\/1"}],"replies":[{"embeddable":true,"href":"https:\/\/www.ifbaiano.edu.br\/unidades\/santaines\/wp-json\/wp\/v2\/comments?post=6451"}],"version-history":[{"count":5,"href":"https:\/\/www.ifbaiano.edu.br\/unidades\/santaines\/wp-json\/wp\/v2\/posts\/6451\/revisions"}],"predecessor-version":[{"id":6455,"href":"https:\/\/www.ifbaiano.edu.br\/unidades\/santaines\/wp-json\/wp\/v2\/posts\/6451\/revisions\/6455"}],"wp:attachment":[{"href":"https:\/\/www.ifbaiano.edu.br\/unidades\/santaines\/wp-json\/wp\/v2\/media?parent=6451"}],"wp:term":[{"taxonomy":"category","embeddable":true,"href":"https:\/\/www.ifbaiano.edu.br\/unidades\/santaines\/wp-json\/wp\/v2\/categories?post=6451"},{"taxonomy":"post_tag","embeddable":true,"href":"https:\/\/www.ifbaiano.edu.br\/unidades\/santaines\/wp-json\/wp\/v2\/tags?post=6451"}],"curies":[{"name":"wp","href":"https:\/\/api.w.org\/{rel}","templated":true}]}}