{"id":6486,"date":"2016-02-18T09:13:00","date_gmt":"2016-02-18T12:13:00","guid":{"rendered":"http:\/\/www.ifbaiano.edu.br\/unidades\/santaines\/?p=6486"},"modified":"2016-02-18T09:13:00","modified_gmt":"2016-02-18T12:13:00","slug":"chamadas-de-iniciacao-cientifica-e-tecnologica-vinculadas-ao-cnpq","status":"publish","type":"post","link":"https:\/\/www.ifbaiano.edu.br\/unidades\/santaines\/chamadas-de-iniciacao-cientifica-e-tecnologica-vinculadas-ao-cnpq\/","title":{"rendered":"Chamadas de Inicia\u00e7\u00e3o Cient\u00edfica e Tecnol\u00f3gica vinculadas ao CNPq"},"content":{"rendered":"<p>Estudantes do IF Baiano, interessados em bolsas de inicia\u00e7\u00e3o cient\u00edfica ou tecnol\u00f3gica, poder\u00e3o submeter suas propostas a partir do dia 15 de fevereiro, conforme as chamadas internas, vinculadas ao CNPq.<\/p>\n<p>Ao todo ser\u00e3o 43 bolsas, com dura\u00e7\u00e3o de 12 meses, distribu\u00eddas em tr\u00eas modalidades: Inicia\u00e7\u00e3o Cient\u00edfica (Chamada 01\/2016), Inicia\u00e7\u00e3o Cient\u00edfica Jr. (Chamada 02\/2016) e Inicia\u00e7\u00e3o Tecnol\u00f3gica (Chamada 03\/2016).<\/p>\n<p>Podem participar estudantes matriculados na gradua\u00e7\u00e3o, PROEJA, T\u00e9cnico Subsequente ou Integrado do IF Baiano. As bolsas de Inicia\u00e7\u00e3o Cient\u00edfica e de Inova\u00e7\u00e3o Tecnol\u00f3gica s\u00e3o destinadas aos graduandos e a bolsa mensal \u00e9 de R$ 400,00. A bolsa de Inicia\u00e7\u00e3o Cient\u00edfica Jr., para estudantes de n\u00edvel m\u00e9dio, tem o valor mensal de R$100,00.&#8221;<\/p>\n<h3><a href=\"http:\/\/www.ifbaiano.edu.br\/reitoria\/index.php\/lancadas-chamadas-de-iniciacao-cientifica-e-tecnologica-vinculadas-ao-cnpq\/\">Acesse aqui para maiores informa\u00e7\u00f5es. <\/a><\/h3>\n<p>&nbsp;<\/p>\n","protected":false},"excerpt":{"rendered":"<p>18\/02\/2016 &#8211; Ao todo ser\u00e3o 43 bolsas, com dura\u00e7\u00e3o de 12 meses, distribu\u00eddas em tr\u00eas modalidades<\/p>\n","protected":false},"author":1,"featured_media":0,"comment_status":"closed","ping_status":"closed","sticky":false,"template":"","format":"standard","meta":[],"categories":[4,38,10],"tags":[],"_links":{"self":[{"href":"https:\/\/www.ifbaiano.edu.br\/unidades\/santaines\/wp-json\/wp\/v2\/posts\/6486"}],"collection":[{"href":"https:\/\/www.ifbaiano.edu.br\/unidades\/santaines\/wp-json\/wp\/v2\/posts"}],"about":[{"href":"https:\/\/www.ifbaiano.edu.br\/unidades\/santaines\/wp-json\/wp\/v2\/types\/post"}],"author":[{"embeddable":true,"href":"https:\/\/www.ifbaiano.edu.br\/unidades\/santaines\/wp-json\/wp\/v2\/users\/1"}],"replies":[{"embeddable":true,"href":"https:\/\/www.ifbaiano.edu.br\/unidades\/santaines\/wp-json\/wp\/v2\/comments?post=6486"}],"version-history":[{"count":2,"href":"https:\/\/www.ifbaiano.edu.br\/unidades\/santaines\/wp-json\/wp\/v2\/posts\/6486\/revisions"}],"predecessor-version":[{"id":6488,"href":"https:\/\/www.ifbaiano.edu.br\/unidades\/santaines\/wp-json\/wp\/v2\/posts\/6486\/revisions\/6488"}],"wp:attachment":[{"href":"https:\/\/www.ifbaiano.edu.br\/unidades\/santaines\/wp-json\/wp\/v2\/media?parent=6486"}],"wp:term":[{"taxonomy":"category","embeddable":true,"href":"https:\/\/www.ifbaiano.edu.br\/unidades\/santaines\/wp-json\/wp\/v2\/categories?post=6486"},{"taxonomy":"post_tag","embeddable":true,"href":"https:\/\/www.ifbaiano.edu.br\/unidades\/santaines\/wp-json\/wp\/v2\/tags?post=6486"}],"curies":[{"name":"wp","href":"https:\/\/api.w.org\/{rel}","templated":true}]}}