{"id":6489,"date":"2016-02-19T11:31:28","date_gmt":"2016-02-19T14:31:28","guid":{"rendered":"http:\/\/www.ifbaiano.edu.br\/unidades\/santaines\/?p=6489"},"modified":"2016-02-23T08:57:17","modified_gmt":"2016-02-23T11:57:17","slug":"chamada-publica-para-preenchimento-de-vagas-remanescentes-do-curso-tecnico-em-informatica-subsequente","status":"publish","type":"post","link":"https:\/\/www.ifbaiano.edu.br\/unidades\/santaines\/chamada-publica-para-preenchimento-de-vagas-remanescentes-do-curso-tecnico-em-informatica-subsequente\/","title":{"rendered":"Chamada P\u00fablica para Preenchimento de Vagas Remanescentes do Curso T\u00e9cnico em Inform\u00e1tica &#8211; Subsequente"},"content":{"rendered":"<div style=\"text-align: justify\">O Diretor Geral do Instituto Federal de Educa\u00e7\u00e3o, Ci\u00eancia e Tecnologia Baiano Campus Santa In\u00eas, no uso de suas atribui\u00e7\u00f5es legais, faz saber que estar\u00e1 aberta Chamada P\u00fablica para Preenchimento de Vagas Remanescentes do Curso T\u00e9cnico em Inform\u00e1tica Subsequente, para candidatos homologados no Processo Seletivo para Ingresso de Estudantes em 2016, Edital n\u00ba 66, 1\u00ba semestre turno matutino e 2\u00ba semestre turno vespertino, que n\u00e3o realizaram a matr\u00edcula nos per\u00edodos previstos.<\/div>\n<h3 style=\"text-align: justify\"><a href=\"http:\/\/www.ifbaiano.edu.br\/unidades\/santaines\/files\/2016\/02\/EDITAL-DE-CHAMADA-PUBLICA-01-4-1.pdf\">Acesse o edital\u00a0<\/a><\/h3>\n<h3><a href=\"http:\/\/www.ifbaiano.edu.br\/unidades\/santaines\/files\/2016\/02\/Errata-EDITAL-N-05.pdf\">Errata Edital n\u00ba 05\/2016<\/a>\u00a0\u00a0(<span style=\"color: #ff0000\">Novo<\/span>)<br \/>\n&nbsp;<\/p>\n<p>&nbsp;<\/p>\n<p>&nbsp;<\/p>\n<p>&nbsp;<\/p>\n","protected":false},"excerpt":{"rendered":"<p>19\/02\/2016 &#8211; Os candidatos dever\u00e3o comparecer no audit\u00f3rio do Instituto Federal Baiano Campus Santa In\u00eas, dia 25 de fevereiro de 2016, \u00e0s 9:00min. <\/p>\n<h3><a href=\"http:\/\/www.ifbaiano.edu.br\/unidades\/santaines\/files\/2016\/02\/Errata-EDITAL-N-05.pdf\">Errata Edital n\u00ba 05\/2016<\/a>\u00a0\u00a0(<span style=\"color: #ff0000\">Novo<\/span>)<\/p>\n","protected":false},"author":1,"featured_media":0,"comment_status":"closed","ping_status":"closed","sticky":false,"template":"","format":"standard","meta":[],"categories":[4,5,7,10,8],"tags":[],"_links":{"self":[{"href":"https:\/\/www.ifbaiano.edu.br\/unidades\/santaines\/wp-json\/wp\/v2\/posts\/6489"}],"collection":[{"href":"https:\/\/www.ifbaiano.edu.br\/unidades\/santaines\/wp-json\/wp\/v2\/posts"}],"about":[{"href":"https:\/\/www.ifbaiano.edu.br\/unidades\/santaines\/wp-json\/wp\/v2\/types\/post"}],"author":[{"embeddable":true,"href":"https:\/\/www.ifbaiano.edu.br\/unidades\/santaines\/wp-json\/wp\/v2\/users\/1"}],"replies":[{"embeddable":true,"href":"https:\/\/www.ifbaiano.edu.br\/unidades\/santaines\/wp-json\/wp\/v2\/comments?post=6489"}],"version-history":[{"count":13,"href":"https:\/\/www.ifbaiano.edu.br\/unidades\/santaines\/wp-json\/wp\/v2\/posts\/6489\/revisions"}],"predecessor-version":[{"id":6514,"href":"https:\/\/www.ifbaiano.edu.br\/unidades\/santaines\/wp-json\/wp\/v2\/posts\/6489\/revisions\/6514"}],"wp:attachment":[{"href":"https:\/\/www.ifbaiano.edu.br\/unidades\/santaines\/wp-json\/wp\/v2\/media?parent=6489"}],"wp:term":[{"taxonomy":"category","embeddable":true,"href":"https:\/\/www.ifbaiano.edu.br\/unidades\/santaines\/wp-json\/wp\/v2\/categories?post=6489"},{"taxonomy":"post_tag","embeddable":true,"href":"https:\/\/www.ifbaiano.edu.br\/unidades\/santaines\/wp-json\/wp\/v2\/tags?post=6489"}],"curies":[{"name":"wp","href":"https:\/\/api.w.org\/{rel}","templated":true}]}}