{"id":6534,"date":"2016-03-01T09:02:33","date_gmt":"2016-03-01T12:02:33","guid":{"rendered":"http:\/\/www.ifbaiano.edu.br\/unidades\/santaines\/?p=6534"},"modified":"2016-03-01T10:14:15","modified_gmt":"2016-03-01T13:14:15","slug":"terceira-chamada-do-processo-seletivo-dos-cursos-tecnicos-integrados-campus-santa-ines","status":"publish","type":"post","link":"https:\/\/www.ifbaiano.edu.br\/unidades\/santaines\/terceira-chamada-do-processo-seletivo-dos-cursos-tecnicos-integrados-campus-santa-ines\/","title":{"rendered":"Terceira chamada do processo seletivo dos cursos T\u00e9cnicos Integrados &#8211; Campus Santa In\u00eas"},"content":{"rendered":"<h1>Acesse a rela\u00e7\u00e3o dos candidatos habilitados para a chamada p\u00fablica<\/h1>\n<p><a href=\"http:\/\/www.ifbaiano.edu.br\/unidades\/santaines\/files\/2016\/03\/CHAMADA_PUBLICA_AGROPECUARIA.pdf\">RELA\u00c7\u00c3O DOS CANDIDATOS HABILITADOS PARA A CHAMADA P\u00daBLICA DO PROCESSO SELETIVO DE T\u00c9CNICO EM AGROPECU\u00c1RIA\u00a0INTEGRADO AO ENSINO M\u00c9DIO &#8211; 2016 (<span style=\"color: #ff0000\">Novo<\/span>)<\/a><\/p>\n<p><a href=\"http:\/\/www.ifbaiano.edu.br\/unidades\/santaines\/files\/2016\/03\/CHAMADA_PUBLICA_ZOOTECNIA.pdf\">RELA\u00c7\u00c3O DOS CANDIDATOS HABILITADOS PARA A CHAMADA P\u00daBLICA DO PROCESSO SELETIVO DE T\u00c9CNICO EM ZOOTECNIA INTEGRADO AO ENSINO M\u00c9DIO &#8211; 2016 (<span style=\"color: #ff0000\">Novo<\/span>)<\/a><\/p>\n<p>&nbsp;<\/p>\n","protected":false},"excerpt":{"rendered":"<p>01\/03\/2016 &#8211; Todos os candidatos convocados para pleitear  a vaga da 3\u00aa chamada devem comparecer no dia 02 de mar\u00e7o de 2016 at\u00e9 as 9:30h no audit\u00f3rio do campus. Acesse a lista dos candidatos habilitados para a  chamada p\u00fablica do processo seletivo dos Cursos T\u00e9cnicos Integrados ao Ensino M\u00e9dio 2016.<\/p>\n","protected":false},"author":1,"featured_media":0,"comment_status":"closed","ping_status":"closed","sticky":false,"template":"","format":"standard","meta":[],"categories":[4,5,10,8],"tags":[],"_links":{"self":[{"href":"https:\/\/www.ifbaiano.edu.br\/unidades\/santaines\/wp-json\/wp\/v2\/posts\/6534"}],"collection":[{"href":"https:\/\/www.ifbaiano.edu.br\/unidades\/santaines\/wp-json\/wp\/v2\/posts"}],"about":[{"href":"https:\/\/www.ifbaiano.edu.br\/unidades\/santaines\/wp-json\/wp\/v2\/types\/post"}],"author":[{"embeddable":true,"href":"https:\/\/www.ifbaiano.edu.br\/unidades\/santaines\/wp-json\/wp\/v2\/users\/1"}],"replies":[{"embeddable":true,"href":"https:\/\/www.ifbaiano.edu.br\/unidades\/santaines\/wp-json\/wp\/v2\/comments?post=6534"}],"version-history":[{"count":7,"href":"https:\/\/www.ifbaiano.edu.br\/unidades\/santaines\/wp-json\/wp\/v2\/posts\/6534\/revisions"}],"predecessor-version":[{"id":6538,"href":"https:\/\/www.ifbaiano.edu.br\/unidades\/santaines\/wp-json\/wp\/v2\/posts\/6534\/revisions\/6538"}],"wp:attachment":[{"href":"https:\/\/www.ifbaiano.edu.br\/unidades\/santaines\/wp-json\/wp\/v2\/media?parent=6534"}],"wp:term":[{"taxonomy":"category","embeddable":true,"href":"https:\/\/www.ifbaiano.edu.br\/unidades\/santaines\/wp-json\/wp\/v2\/categories?post=6534"},{"taxonomy":"post_tag","embeddable":true,"href":"https:\/\/www.ifbaiano.edu.br\/unidades\/santaines\/wp-json\/wp\/v2\/tags?post=6534"}],"curies":[{"name":"wp","href":"https:\/\/api.w.org\/{rel}","templated":true}]}}