{"id":6547,"date":"2016-03-01T12:49:54","date_gmt":"2016-03-01T15:49:54","guid":{"rendered":"http:\/\/www.ifbaiano.edu.br\/unidades\/santaines\/?p=6547"},"modified":"2016-03-01T12:52:43","modified_gmt":"2016-03-01T15:52:43","slug":"convite-reuniao-com-estudantes-egressos","status":"publish","type":"post","link":"https:\/\/www.ifbaiano.edu.br\/unidades\/santaines\/convite-reuniao-com-estudantes-egressos\/","title":{"rendered":"Reuni\u00e3o com Estudantes Egressos"},"content":{"rendered":"<p style=\"text-align: right\">01\/03\/2016<\/p>\n<div>O Diretor Geral do IF Baiano Campus Santa In\u00eas, convida os estudantes egressos para participar de uma Reuni\u00e3o no dia 14\/03\/2016, \u00e0s 10h00min, no Audit\u00f3rio do Campus.<\/div>\n<div>Pauta: Elei\u00e7\u00e3o para escolha de um representante (suplente e titular) pra\u00a0composi\u00e7\u00e3o do Conselho Administrativo do Instituto Federal de Educa\u00e7\u00e3o, Ci\u00eancia e Tecnologia Baiano <em>Campus<\/em> Santa In\u00eas, sob responsabilidade da Comiss\u00e3o institu\u00edda pela Portaria N\u00ba 001, de 20 de janeiro de 2016.<\/div>\n","protected":false},"excerpt":{"rendered":"<p>01\/03\/2016 &#8211; O Diretor Geral do IF Baiano Campus Santa In\u00eas, convida os estudantes egressos para participar de uma Reuni\u00e3o no dia 14\/03\/2016, \u00e0s 10h00min, no Audit\u00f3rio do Campus<\/p>\n","protected":false},"author":1,"featured_media":0,"comment_status":"closed","ping_status":"closed","sticky":false,"template":"","format":"standard","meta":[],"categories":[19,23,10],"tags":[],"_links":{"self":[{"href":"https:\/\/www.ifbaiano.edu.br\/unidades\/santaines\/wp-json\/wp\/v2\/posts\/6547"}],"collection":[{"href":"https:\/\/www.ifbaiano.edu.br\/unidades\/santaines\/wp-json\/wp\/v2\/posts"}],"about":[{"href":"https:\/\/www.ifbaiano.edu.br\/unidades\/santaines\/wp-json\/wp\/v2\/types\/post"}],"author":[{"embeddable":true,"href":"https:\/\/www.ifbaiano.edu.br\/unidades\/santaines\/wp-json\/wp\/v2\/users\/1"}],"replies":[{"embeddable":true,"href":"https:\/\/www.ifbaiano.edu.br\/unidades\/santaines\/wp-json\/wp\/v2\/comments?post=6547"}],"version-history":[{"count":6,"href":"https:\/\/www.ifbaiano.edu.br\/unidades\/santaines\/wp-json\/wp\/v2\/posts\/6547\/revisions"}],"predecessor-version":[{"id":6552,"href":"https:\/\/www.ifbaiano.edu.br\/unidades\/santaines\/wp-json\/wp\/v2\/posts\/6547\/revisions\/6552"}],"wp:attachment":[{"href":"https:\/\/www.ifbaiano.edu.br\/unidades\/santaines\/wp-json\/wp\/v2\/media?parent=6547"}],"wp:term":[{"taxonomy":"category","embeddable":true,"href":"https:\/\/www.ifbaiano.edu.br\/unidades\/santaines\/wp-json\/wp\/v2\/categories?post=6547"},{"taxonomy":"post_tag","embeddable":true,"href":"https:\/\/www.ifbaiano.edu.br\/unidades\/santaines\/wp-json\/wp\/v2\/tags?post=6547"}],"curies":[{"name":"wp","href":"https:\/\/api.w.org\/{rel}","templated":true}]}}