{"id":6577,"date":"2016-03-04T15:06:42","date_gmt":"2016-03-04T18:06:42","guid":{"rendered":"http:\/\/www.ifbaiano.edu.br\/unidades\/santaines\/?p=6577"},"modified":"2016-03-14T15:01:05","modified_gmt":"2016-03-14T18:01:05","slug":"ciaape-realiza-pesquisa-sobre-evasao-e-retencao-nos-cursos-do-if-baiano-campus-santa-ines","status":"publish","type":"post","link":"https:\/\/www.ifbaiano.edu.br\/unidades\/santaines\/ciaape-realiza-pesquisa-sobre-evasao-e-retencao-nos-cursos-do-if-baiano-campus-santa-ines\/","title":{"rendered":"CIAAPE realiza pesquisa sobre evas\u00e3o e reten\u00e7\u00e3o nos cursos do IF Baiano Campus Santa In\u00eas"},"content":{"rendered":"<p style=\"text-align: right\">\u00a004\/03\/2016<\/p>\n<p align=\"justify\"><span style=\"font-family: Arial,serif\">A Comiss\u00e3o Interna para as A\u00e7\u00f5es de Evas\u00e3o, Reten\u00e7\u00e3o, Perman\u00eancia e \u00caxito (CIAAPE) na reitoria, atrav\u00e9s da subcomiss\u00e3o deste campus, designada pela Portaria n\u00ba 080 de <\/span><span style=\"font-family: Arial,serif\">16<\/span><span style=\"font-family: Arial,serif\"> de novembro de 2015, informa que estar\u00e1 realizando pesquisa no per\u00edodo de 04 a 16 de mar\u00e7o. O objetivo \u00e9 diagnosticar as causas de reten\u00e7\u00e3o e evas\u00e3o nos cursos do IF Baiano Campus Santa In\u00eas.<\/span><\/p>\n<p align=\"justify\"><span style=\"font-family: Arial,serif\">Ser\u00e1 aplicada pesquisa a representantes de estudantes em curso, retidos e evadidos dos cursos t\u00e9cnicos integrados, subsequentes, gradua\u00e7\u00e3o, Educa\u00e7\u00e3o a Dist\u00e2ncia (EaD) referentes aos anos letivos de 2013 e 2014, e, a professores e gestores.<\/span><\/p>\n<p align=\"center\"><span style=\"font-family: Arial,serif\">PARTICIPEM!!!! Os dados identificados ir\u00e3o balizar a\u00e7\u00f5es de interven\u00e7\u00e3o.<\/span><\/p>\n","protected":false},"excerpt":{"rendered":"<p>04\/03\/2016 &#8211; A pesquisa ocorrer\u00e1 no per\u00edodo de 04 a 16 de mar\u00e7o.<\/p>\n","protected":false},"author":1,"featured_media":0,"comment_status":"closed","ping_status":"closed","sticky":false,"template":"","format":"standard","meta":[],"categories":[4,5,10],"tags":[],"_links":{"self":[{"href":"https:\/\/www.ifbaiano.edu.br\/unidades\/santaines\/wp-json\/wp\/v2\/posts\/6577"}],"collection":[{"href":"https:\/\/www.ifbaiano.edu.br\/unidades\/santaines\/wp-json\/wp\/v2\/posts"}],"about":[{"href":"https:\/\/www.ifbaiano.edu.br\/unidades\/santaines\/wp-json\/wp\/v2\/types\/post"}],"author":[{"embeddable":true,"href":"https:\/\/www.ifbaiano.edu.br\/unidades\/santaines\/wp-json\/wp\/v2\/users\/1"}],"replies":[{"embeddable":true,"href":"https:\/\/www.ifbaiano.edu.br\/unidades\/santaines\/wp-json\/wp\/v2\/comments?post=6577"}],"version-history":[{"count":5,"href":"https:\/\/www.ifbaiano.edu.br\/unidades\/santaines\/wp-json\/wp\/v2\/posts\/6577\/revisions"}],"predecessor-version":[{"id":6579,"href":"https:\/\/www.ifbaiano.edu.br\/unidades\/santaines\/wp-json\/wp\/v2\/posts\/6577\/revisions\/6579"}],"wp:attachment":[{"href":"https:\/\/www.ifbaiano.edu.br\/unidades\/santaines\/wp-json\/wp\/v2\/media?parent=6577"}],"wp:term":[{"taxonomy":"category","embeddable":true,"href":"https:\/\/www.ifbaiano.edu.br\/unidades\/santaines\/wp-json\/wp\/v2\/categories?post=6577"},{"taxonomy":"post_tag","embeddable":true,"href":"https:\/\/www.ifbaiano.edu.br\/unidades\/santaines\/wp-json\/wp\/v2\/tags?post=6577"}],"curies":[{"name":"wp","href":"https:\/\/api.w.org\/{rel}","templated":true}]}}