{"id":6591,"date":"2016-03-14T11:23:25","date_gmt":"2016-03-14T14:23:25","guid":{"rendered":"http:\/\/www.ifbaiano.edu.br\/unidades\/santaines\/?p=6591"},"modified":"2016-03-14T11:25:51","modified_gmt":"2016-03-14T14:25:51","slug":"vagas-remanescentes-curso-tecnicos-em-agropecuaria-integrado-proeja-em-alternancia","status":"publish","type":"post","link":"https:\/\/www.ifbaiano.edu.br\/unidades\/santaines\/vagas-remanescentes-curso-tecnicos-em-agropecuaria-integrado-proeja-em-alternancia\/","title":{"rendered":"Vagas remanescentes: Curso T\u00e9cnicos em Agropecu\u00e1ria Integrado proeja em Altern\u00e2ncia"},"content":{"rendered":"<div>\n<p>O Diretor Geral do Instituto Federal Baiano Campus Santa In\u00eas torna p\u00fablica a abertura do processo de sele\u00e7\u00e3o de candidatos para provimento de vagas remanescentes do processo seletivo regido pelo Edital N\u00b0 66, de 18 de setembro de 2015, por meio de manifesta\u00e7\u00e3o de interesse na vaga no Curso T\u00e9cnico em Agropecu\u00e1ria Modalidade Integrada da Educa\u00e7\u00e3o de Jovens e Adultos &#8211; PROEJA em Altern\u00e2ncia para o primeiro semestre de 2016.<\/p>\n<p>&nbsp;<\/p>\n<p>&nbsp;<\/p>\n<p>&nbsp;<\/p>\n<\/div>\n","protected":false},"excerpt":{"rendered":"<p>11\/03\/2016 &#8211; <\/p>\n","protected":false},"author":1,"featured_media":0,"comment_status":"closed","ping_status":"closed","sticky":false,"template":"","format":"standard","meta":[],"categories":[1],"tags":[],"_links":{"self":[{"href":"https:\/\/www.ifbaiano.edu.br\/unidades\/santaines\/wp-json\/wp\/v2\/posts\/6591"}],"collection":[{"href":"https:\/\/www.ifbaiano.edu.br\/unidades\/santaines\/wp-json\/wp\/v2\/posts"}],"about":[{"href":"https:\/\/www.ifbaiano.edu.br\/unidades\/santaines\/wp-json\/wp\/v2\/types\/post"}],"author":[{"embeddable":true,"href":"https:\/\/www.ifbaiano.edu.br\/unidades\/santaines\/wp-json\/wp\/v2\/users\/1"}],"replies":[{"embeddable":true,"href":"https:\/\/www.ifbaiano.edu.br\/unidades\/santaines\/wp-json\/wp\/v2\/comments?post=6591"}],"version-history":[{"count":4,"href":"https:\/\/www.ifbaiano.edu.br\/unidades\/santaines\/wp-json\/wp\/v2\/posts\/6591\/revisions"}],"predecessor-version":[{"id":6598,"href":"https:\/\/www.ifbaiano.edu.br\/unidades\/santaines\/wp-json\/wp\/v2\/posts\/6591\/revisions\/6598"}],"wp:attachment":[{"href":"https:\/\/www.ifbaiano.edu.br\/unidades\/santaines\/wp-json\/wp\/v2\/media?parent=6591"}],"wp:term":[{"taxonomy":"category","embeddable":true,"href":"https:\/\/www.ifbaiano.edu.br\/unidades\/santaines\/wp-json\/wp\/v2\/categories?post=6591"},{"taxonomy":"post_tag","embeddable":true,"href":"https:\/\/www.ifbaiano.edu.br\/unidades\/santaines\/wp-json\/wp\/v2\/tags?post=6591"}],"curies":[{"name":"wp","href":"https:\/\/api.w.org\/{rel}","templated":true}]}}