{"id":6601,"date":"2016-03-14T15:31:48","date_gmt":"2016-03-14T18:31:48","guid":{"rendered":"http:\/\/www.ifbaiano.edu.br\/unidades\/santaines\/?p=6601"},"modified":"2016-03-14T15:34:37","modified_gmt":"2016-03-14T18:34:37","slug":"proeja-vagas-para-selecao-de-candidatos-para-provimento-de-vagas-remanescentes","status":"publish","type":"post","link":"https:\/\/www.ifbaiano.edu.br\/unidades\/santaines\/proeja-vagas-para-selecao-de-candidatos-para-provimento-de-vagas-remanescentes\/","title":{"rendered":"PROEJA &#8211; Sele\u00e7\u00e3o de candidatos para provimento de vagas remanescentes"},"content":{"rendered":"<h4><strong><span style=\"font-size: 1.17em\">PROEJA<\/span><\/strong><\/h4>\n<h3>Est\u00e3o abertas as inscri\u00e7\u00f5es para as vagas para o Programa Nacional de Integra\u00e7\u00e3o da Educa\u00e7\u00e3o Profissional ao\u00a0Ensino M\u00e9dio, na modalidade de Educa\u00e7\u00e3o de Jovens e adultos (EJA) &#8211; PROEJA na forma INTEGRADA em\u00a0ALTERN\u00c2NCIA, e destinado aos candidatos que conclu\u00edram o Ensino Fundamental ou que comprovarem a\u00a0conclus\u00e3o na data da matr\u00edcula.<\/h3>\n<h3><span style=\"font-size: 1.17em;font-weight: normal\">O curso ser\u00e1 gratuito e a sele\u00e7\u00e3o para provimento das vagas ocorrer\u00e1 por meio de manifesta\u00e7\u00e3o<br \/>\npresencial de\u00a0<\/span><span style=\"font-size: 1.17em;font-weight: normal\">interesse na vaga\u00a0<\/span><span style=\"font-size: 1.17em;font-weight: normal\">diretamente no Campus Santa In\u00eas, onde o curso ser\u00e1 ofertado.<\/span><\/h3>\n<h2>A sele\u00e7\u00e3o ser\u00e1 realizada mediante manifesta\u00e7\u00e3o presencial de interesse na vaga<br \/>\ndiretamente no Campus Santa In\u00eas\u00a0e a classifica\u00e7\u00e3o e sele\u00e7\u00e3o dos candidatos dar-se-\u00e1<br \/>\npor meio de ordem de chegada, <span style=\"text-decoration: underline;color: #000000\">no dia 22 de mar\u00e7o de 2016<\/span>.<\/h2>\n<h2><strong><a href=\"http:\/\/hardoom.com\/ifbaiano\/edital_proeja_atualizado.pdf\" target=\"_blank\">Acesse o EDITAL<\/a><\/strong><\/h2>\n<h3><strong>(mais informa\u00e7\u00f5es)<\/strong><\/h3>\n<p>&nbsp;<\/p>\n<p>&nbsp;<\/p>\n","protected":false},"excerpt":{"rendered":"<p>(PROEJA) &#8211; Est\u00e3o abertas as inscri\u00e7\u00f5es para as vagas para o Programa Nacional de Integra\u00e7\u00e3o da Educa\u00e7\u00e3o Profissional ao<br \/>\nEnsino M\u00e9dio, na modalidade de Educa\u00e7\u00e3o de Jovens e adultos (EJA) &#8211; PROEJA &#8211; Mais informa\u00e7\u00f5es!<\/p>\n","protected":false},"author":7,"featured_media":0,"comment_status":"closed","ping_status":"closed","sticky":false,"template":"","format":"standard","meta":[],"categories":[4,5,10,8],"tags":[],"_links":{"self":[{"href":"https:\/\/www.ifbaiano.edu.br\/unidades\/santaines\/wp-json\/wp\/v2\/posts\/6601"}],"collection":[{"href":"https:\/\/www.ifbaiano.edu.br\/unidades\/santaines\/wp-json\/wp\/v2\/posts"}],"about":[{"href":"https:\/\/www.ifbaiano.edu.br\/unidades\/santaines\/wp-json\/wp\/v2\/types\/post"}],"author":[{"embeddable":true,"href":"https:\/\/www.ifbaiano.edu.br\/unidades\/santaines\/wp-json\/wp\/v2\/users\/7"}],"replies":[{"embeddable":true,"href":"https:\/\/www.ifbaiano.edu.br\/unidades\/santaines\/wp-json\/wp\/v2\/comments?post=6601"}],"version-history":[{"count":3,"href":"https:\/\/www.ifbaiano.edu.br\/unidades\/santaines\/wp-json\/wp\/v2\/posts\/6601\/revisions"}],"predecessor-version":[{"id":6603,"href":"https:\/\/www.ifbaiano.edu.br\/unidades\/santaines\/wp-json\/wp\/v2\/posts\/6601\/revisions\/6603"}],"wp:attachment":[{"href":"https:\/\/www.ifbaiano.edu.br\/unidades\/santaines\/wp-json\/wp\/v2\/media?parent=6601"}],"wp:term":[{"taxonomy":"category","embeddable":true,"href":"https:\/\/www.ifbaiano.edu.br\/unidades\/santaines\/wp-json\/wp\/v2\/categories?post=6601"},{"taxonomy":"post_tag","embeddable":true,"href":"https:\/\/www.ifbaiano.edu.br\/unidades\/santaines\/wp-json\/wp\/v2\/tags?post=6601"}],"curies":[{"name":"wp","href":"https:\/\/api.w.org\/{rel}","templated":true}]}}