{"id":6605,"date":"2016-04-08T12:15:17","date_gmt":"2016-04-08T15:15:17","guid":{"rendered":"http:\/\/www.ifbaiano.edu.br\/unidades\/santaines\/?p=6605"},"modified":"2016-04-13T07:28:28","modified_gmt":"2016-04-13T10:28:28","slug":"selecao-para-candidatos-as-vagas-remanescentes-cursos-tecnicos-integrados-e-subsequentes","status":"publish","type":"post","link":"https:\/\/www.ifbaiano.edu.br\/unidades\/santaines\/selecao-para-candidatos-as-vagas-remanescentes-cursos-tecnicos-integrados-e-subsequentes\/","title":{"rendered":"Aten\u00e7\u00e3o &#8211; Publicado NOVO EDITAL para candidatos \u00e0s VAGAS REMANESCENTES aos Cursos T\u00e9cnicos Integrados, Subsequentes e PROEJA"},"content":{"rendered":"<h2>ATEN\u00c7\u00c3O!!!<\/h2>\n<h2>NOVO EDITAL &#8211; SEGUNDA SELE\u00c7\u00c3O PARA ALUNOS (<span style=\"text-decoration: underline;color: #0000ff\">Sele\u00e7\u00e3o ocorrer\u00e1 em 18 de abril de 2016<\/span>)<\/h2>\n<h2>EST\u00c3O DISPON\u00cdVEIS NOVAS VAGAS REMANESCENTES PARA\u00a0ALUNOS PARA<br \/>\nOS CURSOS T\u00c9CNICOS INTEGRADOS E SUBSEQUENTES<\/h2>\n<h2><span style=\"font-size: 1.17em;font-weight: normal\">Sele\u00e7\u00e3o de candidatos para o provimento de vagas remanescentes do processo <\/span><span style=\"text-decoration: underline\">Cursos T\u00e9cnicos em Alimentos e Zootecnia, Modalidade Integrada, para o primeiro semestre de 2016 e\u00a0Curso T\u00e9cnico em Inform\u00e1tica, Modalidade Subsequente, para o segundo semestre de 2016.<\/span><\/h2>\n<p>&nbsp;<\/p>\n<h1><\/h1>\n<h1><\/h1>\n<h1><span style=\"color: #0000ff\"><a href=\"http:\/\/www.ifbaiano.edu.br\/unidades\/santaines\/files\/2016\/03\/Edital_Cursos_Tecnicos_Vagas_Remanecentes_18_ABRIL_2016.pdf\" target=\"_blank\"><span style=\"color: #0000ff\">ACESSAR O NOVO EDITAL PARA VAGAS DOS CURSOS T\u00c9CNICOS<br \/>\nINTEGRADOS E SUBSEQUENTES<\/span><\/a><\/span><\/h1>\n<h1><span style=\"font-size: 1.17em;font-weight: normal\">A sele\u00e7\u00e3o ser\u00e1 realizada mediante manifesta\u00e7\u00e3o presencial de interesse na vaga diretamente no Campus Santa In\u00eas e a classifica\u00e7\u00e3o e sele\u00e7\u00e3o dos candidatos dar-se-\u00e1 por meio de ordem de chegada,\u00a0<\/span><strong><span style=\"font-size: 1.17em\">no <span style=\"text-decoration: underline\">dia 18 de abril de 2016.<\/span><\/span><\/strong><\/h1>\n<p><!--more--><\/p>\n<h1><!--more--><\/h1>\n<h2><span style=\"text-decoration: underline\">ATEN\u00c7\u00c3O CANDIDATOS PARA AS VAGAS REMANESCENTES AO PROEJA<\/span>!<br \/>\nTAMB\u00c9M ENCONTRAM-SE ABERTAS A SELE\u00c7\u00c3O PARA VAGAS REMANESCENTES PARA<\/h2>\n<h2>ALUNOS DO <strong>PROEJA<\/strong> &#8211; <span style=\"text-decoration: underline;color: #0000ff\"><a href=\"http:\/\/www.ifbaiano.edu.br\/unidades\/santaines\/files\/2016\/03\/Edital_PROEJA_Vagas_Remanecentes_18_ABRIL_2016.pdf\" target=\"_blank\"><span style=\"color: #0000ff;text-decoration: underline\">ACESSE AQUI O EDITAL DAS VAGAS REMANESCENTES PARA O PROEJA!\u00a0<\/span><\/a><\/span><\/h2>\n<h1><span style=\"font-size: 1.17em;font-weight: normal\">A sele\u00e7\u00e3o PROEJA tamb\u00e9m ser\u00e1 realizada mediante manifesta\u00e7\u00e3o presencial de interesse na vaga diretamente no Campus Santa In\u00eas e a classifica\u00e7\u00e3o e sele\u00e7\u00e3o dos candidatos dar-se-\u00e1 por meio de ordem de chegada,\u00a0<\/span><span style=\"text-decoration: underline\"><strong>no\u00a0dia 18 de abril de 2016.<\/strong><\/span><\/h1>\n<h3><\/h3>\n","protected":false},"excerpt":{"rendered":"<p><b>ATEN\u00c7\u00c3O!!! EST\u00c3O ABERTAS AS VAGAS REMANESCENTES para novos alunos <\/b> para os Cursos T\u00e9cnicos em Alimentos ou Zootecnia, Modalidade Integrada,para o primeiro semestre<br \/>\nde 2016, e Curso T\u00e9cnico em Inform\u00e1tica, Modalidade Subsequente, para o segundo semestre de 2016. Mais informa\u00e7\u00f5es acesse aqui!<\/p>\n","protected":false},"author":7,"featured_media":0,"comment_status":"closed","ping_status":"closed","sticky":false,"template":"","format":"standard","meta":[],"categories":[4,10,8],"tags":[],"_links":{"self":[{"href":"https:\/\/www.ifbaiano.edu.br\/unidades\/santaines\/wp-json\/wp\/v2\/posts\/6605"}],"collection":[{"href":"https:\/\/www.ifbaiano.edu.br\/unidades\/santaines\/wp-json\/wp\/v2\/posts"}],"about":[{"href":"https:\/\/www.ifbaiano.edu.br\/unidades\/santaines\/wp-json\/wp\/v2\/types\/post"}],"author":[{"embeddable":true,"href":"https:\/\/www.ifbaiano.edu.br\/unidades\/santaines\/wp-json\/wp\/v2\/users\/7"}],"replies":[{"embeddable":true,"href":"https:\/\/www.ifbaiano.edu.br\/unidades\/santaines\/wp-json\/wp\/v2\/comments?post=6605"}],"version-history":[{"count":30,"href":"https:\/\/www.ifbaiano.edu.br\/unidades\/santaines\/wp-json\/wp\/v2\/posts\/6605\/revisions"}],"predecessor-version":[{"id":6607,"href":"https:\/\/www.ifbaiano.edu.br\/unidades\/santaines\/wp-json\/wp\/v2\/posts\/6605\/revisions\/6607"}],"wp:attachment":[{"href":"https:\/\/www.ifbaiano.edu.br\/unidades\/santaines\/wp-json\/wp\/v2\/media?parent=6605"}],"wp:term":[{"taxonomy":"category","embeddable":true,"href":"https:\/\/www.ifbaiano.edu.br\/unidades\/santaines\/wp-json\/wp\/v2\/categories?post=6605"},{"taxonomy":"post_tag","embeddable":true,"href":"https:\/\/www.ifbaiano.edu.br\/unidades\/santaines\/wp-json\/wp\/v2\/tags?post=6605"}],"curies":[{"name":"wp","href":"https:\/\/api.w.org\/{rel}","templated":true}]}}