{"id":6624,"date":"2016-03-18T15:08:55","date_gmt":"2016-03-18T18:08:55","guid":{"rendered":"http:\/\/www.ifbaiano.edu.br\/unidades\/santaines\/?p=6624"},"modified":"2016-03-18T15:23:36","modified_gmt":"2016-03-18T18:23:36","slug":"estudantes-do-campus-santa-ines-participam-do-conselho-de-entidades-de-base-do-movimento-estudantil-unificado-do-ifbaiano","status":"publish","type":"post","link":"https:\/\/www.ifbaiano.edu.br\/unidades\/santaines\/estudantes-do-campus-santa-ines-participam-do-conselho-de-entidades-de-base-do-movimento-estudantil-unificado-do-ifbaiano\/","title":{"rendered":"Estudantes do Campus Santa In\u00eas Participam do II\u00ba Conselho de Entidades de Base do Movimento Estudantil Unificado do IFBAIANO"},"content":{"rendered":"<p style=\"text-align: justify\">Entre os dias 18 a 20 de Mar\u00e7o os l\u00edderes estudantis de todos os campi do IF Baiano se re\u00fanem no Campus Valen\u00e7a para organizar as a\u00e7\u00f5es do Movimento Estudantil Unificado do Instituto em 2016, a pauta principal das lideran\u00e7as \u00e9 o I\u00ba Congresso Estudantil Unificado.<br \/>\nPara \u201cMoema Catarina Moreira Nascimento Bastos, uma das participantes do Evento este \u00e9 o momento de debater, discutir e criar solu\u00e7\u00f5es em conjunto que possa contribuir para melhoria da qualidade do ensino, garantindo uma educa\u00e7\u00e3o gratuita para todos, combatendo qualquer tipo de discrimina\u00e7\u00e3o.<br \/>\nO EVENTO<br \/>\nO CEB \u00e9 uma das maiores inst\u00e2ncias consultiva e deliberativa do Movimento Estudantil Unificado do IF Baiano e re\u00fane os\/as Presidentes(as) de Gr\u00eamios, Centros Acad\u00eamicos e Diret\u00f3rios Acad\u00eamicos dos 11 campi do instituto, al\u00e9m de observadores (as) e convidados externos.<br \/>\nI\u00ba CEB<br \/>\nO I\u00ba CEB aconteceu em 10 de Mar\u00e7o de 2015 na Reitoria do instituto, e culminou em grandes avan\u00e7os para a categoria discente como: forma\u00e7\u00e3o da Comiss\u00e3o Pr\u00f3-DCE, avan\u00e7o nas comunica\u00e7\u00f5es entre as bases, aumento dos aux\u00edlios de assist\u00eancia estudantil, realiza\u00e7\u00e3o do II\u00ba Encontro de Entidades de Base, participa\u00e7\u00e3o em eventos de forma\u00e7\u00e3o pol\u00edtica para os lideres estudantis como Bienal da UNE, Encontro Nacional de Escolas T\u00e9cnicas da UBES, CONEG da UNE, Congresso da UNE, CONEG da UBES, Congresso da UBES, Congresso da ABES, Congresso da UEB, luta pela aplica\u00e7\u00e3o da resolu\u00e7\u00e3o 19, elei\u00e7\u00e3o dos membros do Movimento Estudantil no Conselho Superior, dentre outros avan\u00e7os e conquistas.<br \/>\nII\u00ba CEB<br \/>\nO II\u00ba CEB deve reunir mais de 50 lideran\u00e7as estudantis que juntos s\u00e3o respons\u00e1veis por mais de 8 mil estudantes do instituto.<br \/>\nEntre as discuss\u00f5es destacam-se: I\u00ba Congresso Estudantil do IF Baiano, fomento para cria\u00e7\u00e3o da Pr\u00f3-Reitoria de Assuntos Estudantis, Analise e aprova\u00e7\u00e3o da minuta do Estatuto do Diret\u00f3rio Central dos Estudantis, Regimento do Congresso, elei\u00e7\u00e3o de novos membros da Comiss\u00e3o Pr\u00f3-DCE, Proposta de locais para I\u00ba Congresso, Forma\u00e7\u00e3o da Comiss\u00e3o de Organiza\u00e7\u00e3o do Congresso, Calend\u00e1rio de Atividades do Movimento Estudantil Unificado, Bandeiras de Lutas dos Estudantes em 2016, atualiza\u00e7\u00e3o cadastral das lideran\u00e7as de base. Dentre outros.<\/p>\n<p>&nbsp;<\/p>\n","protected":false},"excerpt":{"rendered":"<p>18\/03\/2016 &#8211; Entre os dias 18 a 20 de Mar\u00e7o os l\u00edderes estudantis de todos os campi do IF Baiano se re\u00fanem no Campus Valen\u00e7a para organizar as a\u00e7\u00f5es do Movimento Estudantil Unificado do Instituto em 2016, a pauta principal das lideran\u00e7as \u00e9 o I\u00ba Congresso Estudantil Unificado.<\/p>\n","protected":false},"author":1,"featured_media":0,"comment_status":"closed","ping_status":"closed","sticky":false,"template":"","format":"standard","meta":[],"categories":[4,5,6,7,10],"tags":[],"_links":{"self":[{"href":"https:\/\/www.ifbaiano.edu.br\/unidades\/santaines\/wp-json\/wp\/v2\/posts\/6624"}],"collection":[{"href":"https:\/\/www.ifbaiano.edu.br\/unidades\/santaines\/wp-json\/wp\/v2\/posts"}],"about":[{"href":"https:\/\/www.ifbaiano.edu.br\/unidades\/santaines\/wp-json\/wp\/v2\/types\/post"}],"author":[{"embeddable":true,"href":"https:\/\/www.ifbaiano.edu.br\/unidades\/santaines\/wp-json\/wp\/v2\/users\/1"}],"replies":[{"embeddable":true,"href":"https:\/\/www.ifbaiano.edu.br\/unidades\/santaines\/wp-json\/wp\/v2\/comments?post=6624"}],"version-history":[{"count":5,"href":"https:\/\/www.ifbaiano.edu.br\/unidades\/santaines\/wp-json\/wp\/v2\/posts\/6624\/revisions"}],"predecessor-version":[{"id":6632,"href":"https:\/\/www.ifbaiano.edu.br\/unidades\/santaines\/wp-json\/wp\/v2\/posts\/6624\/revisions\/6632"}],"wp:attachment":[{"href":"https:\/\/www.ifbaiano.edu.br\/unidades\/santaines\/wp-json\/wp\/v2\/media?parent=6624"}],"wp:term":[{"taxonomy":"category","embeddable":true,"href":"https:\/\/www.ifbaiano.edu.br\/unidades\/santaines\/wp-json\/wp\/v2\/categories?post=6624"},{"taxonomy":"post_tag","embeddable":true,"href":"https:\/\/www.ifbaiano.edu.br\/unidades\/santaines\/wp-json\/wp\/v2\/tags?post=6624"}],"curies":[{"name":"wp","href":"https:\/\/api.w.org\/{rel}","templated":true}]}}