{"id":6764,"date":"2016-03-31T12:33:02","date_gmt":"2016-03-31T15:33:02","guid":{"rendered":"http:\/\/www.ifbaiano.edu.br\/unidades\/santaines\/?p=6764"},"modified":"2016-03-31T12:33:42","modified_gmt":"2016-03-31T15:33:42","slug":"estudantes-do-curso-de-licenciatura-em-geografia-tomam-posse-da-executiva-baiana-de-estudantes-de-geografia","status":"publish","type":"post","link":"https:\/\/www.ifbaiano.edu.br\/unidades\/santaines\/estudantes-do-curso-de-licenciatura-em-geografia-tomam-posse-da-executiva-baiana-de-estudantes-de-geografia\/","title":{"rendered":"Estudantes do curso de Licenciatura em Geografia tomam posse da Executiva Baiana de Estudantes de Geografia"},"content":{"rendered":"<p style=\"text-align: justify\">O Conselho Baiano dos Estudantes de Geografia \u00e9 o evento que precede o EBEGEO \u2013 Encontro Baiano de Estudantes de Geografia, que este ano ser\u00e1 sediado pela UESC &#8211; Universidade Federal de Santa Cruz no munic\u00edpio de Ilh\u00e9us. O COBEGEO tem como finalidade estruturar o projeto de execu\u00e7\u00e3o do EBEGEO. Isso acontece de forma amplamente democr\u00e1tica, uma vez que conta-se com a presen\u00e7a de v\u00e1rios representantes estudantis do ensino superior que oferecem os cursos de Bacharel em Geografia e Licenciatura em Geografia.<br \/>\nO primeiro COBEGEO de 2016 aconteceu entre os dias 11, 12 e 13 de mar\u00e7o na cidade de Ilh\u00e9us. Estavam presentes estudantes representantes da UNEB campus IV, Jacobina, UNEB campus V, Santo Ant\u00f4nio de Jesus, UNEB campus XI, Serrinha e IF Baiano campus Santa In\u00eas. Os pontos de pauta foram a posse da nova Executiva Baiana de Estudantes de Geografia, Informes das escolas, discuss\u00e3o do projeto do EBEGEO 2016, apresenta\u00e7\u00e3o das demandas das escolas e presta\u00e7\u00e3o de contas da executiva e da escola sede do EBEGEO 2015.<br \/>\nNa oportunidade foram empossados para compor a nova Executiva os estudantes do curso superior de Licenciatura em Geografia do IF baiano \u2013 Campus Santa In\u00eas: Moema Catarina Moreira Nascimento Bastos (coordenadora), Henrique Xavier dos Santos (diretor de comunica\u00e7\u00e3o) e Andr\u00e9 silva Lopes (2\u00ba tesoureiro).<br \/>\nA antiga EXECUTIVA agradeceu pela volta do IF baiano ao EBEGEO e por ter assumido com entusiasmos a miss\u00e3o de colaborar para a constru\u00e7\u00e3o de espa\u00e7os que solidifiquem o curso e os profissionais da Geografia na Bahia.<br \/>\nHenrique Xavier<br \/>\nASCOM\/ EBEGEO<\/p>\n","protected":false},"excerpt":{"rendered":"<p>27\/03\/2016 &#8211; O primeiro COBEGEO de 2016 aconteceu entre os dias 11, 12 e 13 de mar\u00e7o na cidade de Ilh\u00e9us. <\/p>\n","protected":false},"author":1,"featured_media":0,"comment_status":"closed","ping_status":"closed","sticky":false,"template":"","format":"standard","meta":[],"categories":[4,23,10],"tags":[],"_links":{"self":[{"href":"https:\/\/www.ifbaiano.edu.br\/unidades\/santaines\/wp-json\/wp\/v2\/posts\/6764"}],"collection":[{"href":"https:\/\/www.ifbaiano.edu.br\/unidades\/santaines\/wp-json\/wp\/v2\/posts"}],"about":[{"href":"https:\/\/www.ifbaiano.edu.br\/unidades\/santaines\/wp-json\/wp\/v2\/types\/post"}],"author":[{"embeddable":true,"href":"https:\/\/www.ifbaiano.edu.br\/unidades\/santaines\/wp-json\/wp\/v2\/users\/1"}],"replies":[{"embeddable":true,"href":"https:\/\/www.ifbaiano.edu.br\/unidades\/santaines\/wp-json\/wp\/v2\/comments?post=6764"}],"version-history":[{"count":3,"href":"https:\/\/www.ifbaiano.edu.br\/unidades\/santaines\/wp-json\/wp\/v2\/posts\/6764\/revisions"}],"predecessor-version":[{"id":6767,"href":"https:\/\/www.ifbaiano.edu.br\/unidades\/santaines\/wp-json\/wp\/v2\/posts\/6764\/revisions\/6767"}],"wp:attachment":[{"href":"https:\/\/www.ifbaiano.edu.br\/unidades\/santaines\/wp-json\/wp\/v2\/media?parent=6764"}],"wp:term":[{"taxonomy":"category","embeddable":true,"href":"https:\/\/www.ifbaiano.edu.br\/unidades\/santaines\/wp-json\/wp\/v2\/categories?post=6764"},{"taxonomy":"post_tag","embeddable":true,"href":"https:\/\/www.ifbaiano.edu.br\/unidades\/santaines\/wp-json\/wp\/v2\/tags?post=6764"}],"curies":[{"name":"wp","href":"https:\/\/api.w.org\/{rel}","templated":true}]}}