{"id":6769,"date":"2016-04-03T04:42:46","date_gmt":"2016-04-03T07:42:46","guid":{"rendered":"http:\/\/www.ifbaiano.edu.br\/unidades\/santaines\/?p=6769"},"modified":"2016-04-12T12:27:13","modified_gmt":"2016-04-12T15:27:13","slug":"convite-reuniao-egressos","status":"publish","type":"post","link":"https:\/\/www.ifbaiano.edu.br\/unidades\/santaines\/convite-reuniao-egressos\/","title":{"rendered":"Convite: Reuni\u00e3o egressos"},"content":{"rendered":"<div style=\"text-align: justify\">O Diretor Geral do IF Baiano Campus Santa In\u00eas, reitera o convite aos estudantes egressos para participar de uma Reuni\u00e3o no dia 11\/04\/2016, \u00e0s 09h00min, no Audit\u00f3rio do Campus.<\/div>\n<div style=\"text-align: justify\">Pauta:\u00a0Elei\u00e7\u00e3o para escolha de\u00a0um representante (suplente e titular) pra\u00a0composi\u00e7\u00e3o do Conselho Administrativo do Instituto Federal de Educa\u00e7\u00e3o, Ci\u00eancia e Tecnologia Baiano\u00a0<em>Campus<\/em>\u00a0Santa In\u00eas, sob responsabilidade da Comiss\u00e3o institu\u00edda pela Portaria N\u00ba 001, de 20 de janeiro de 2016.<\/div>\n","protected":false},"excerpt":{"rendered":"<p>03\/04\/2016 &#8211; O Diretor Geral do IF Baiano Campus Santa In\u00eas, reitera o convite aos estudantes egressos para participar de uma Reuni\u00e3o no dia 11\/04\/2016, \u00e0s 09h00min, no Audit\u00f3rio do Campus.<\/p>\n","protected":false},"author":1,"featured_media":0,"comment_status":"closed","ping_status":"closed","sticky":false,"template":"","format":"standard","meta":[],"categories":[4,38,19,10],"tags":[],"_links":{"self":[{"href":"https:\/\/www.ifbaiano.edu.br\/unidades\/santaines\/wp-json\/wp\/v2\/posts\/6769"}],"collection":[{"href":"https:\/\/www.ifbaiano.edu.br\/unidades\/santaines\/wp-json\/wp\/v2\/posts"}],"about":[{"href":"https:\/\/www.ifbaiano.edu.br\/unidades\/santaines\/wp-json\/wp\/v2\/types\/post"}],"author":[{"embeddable":true,"href":"https:\/\/www.ifbaiano.edu.br\/unidades\/santaines\/wp-json\/wp\/v2\/users\/1"}],"replies":[{"embeddable":true,"href":"https:\/\/www.ifbaiano.edu.br\/unidades\/santaines\/wp-json\/wp\/v2\/comments?post=6769"}],"version-history":[{"count":5,"href":"https:\/\/www.ifbaiano.edu.br\/unidades\/santaines\/wp-json\/wp\/v2\/posts\/6769\/revisions"}],"predecessor-version":[{"id":6834,"href":"https:\/\/www.ifbaiano.edu.br\/unidades\/santaines\/wp-json\/wp\/v2\/posts\/6769\/revisions\/6834"}],"wp:attachment":[{"href":"https:\/\/www.ifbaiano.edu.br\/unidades\/santaines\/wp-json\/wp\/v2\/media?parent=6769"}],"wp:term":[{"taxonomy":"category","embeddable":true,"href":"https:\/\/www.ifbaiano.edu.br\/unidades\/santaines\/wp-json\/wp\/v2\/categories?post=6769"},{"taxonomy":"post_tag","embeddable":true,"href":"https:\/\/www.ifbaiano.edu.br\/unidades\/santaines\/wp-json\/wp\/v2\/tags?post=6769"}],"curies":[{"name":"wp","href":"https:\/\/api.w.org\/{rel}","templated":true}]}}