{"id":6773,"date":"2016-04-05T12:51:17","date_gmt":"2016-04-05T15:51:17","guid":{"rendered":"http:\/\/www.ifbaiano.edu.br\/unidades\/santaines\/?p=6773"},"modified":"2016-04-07T14:32:45","modified_gmt":"2016-04-07T17:32:45","slug":"edital-de-renovacao-de-matricula-para-o-ano-letivo-de-2016","status":"publish","type":"post","link":"https:\/\/www.ifbaiano.edu.br\/unidades\/santaines\/edital-de-renovacao-de-matricula-para-o-ano-letivo-de-2016\/","title":{"rendered":"Edital de Renova\u00e7\u00e3o de Matr\u00edcula para o Ano Letivo de 2016"},"content":{"rendered":"<p>O Diretor Geral do IF Baiano Campus Santa In\u00eas, no uso de suas atribui\u00e7\u00f5es legais, conforme lhe confere a Portaria n\u00ba 336 de 18\/03\/2014, publicada no DOU de 19\/03\/2014, e em conson\u00e2ncia com o disposto na Organiza\u00e7\u00e3o Did\u00e1tica dos Cursos T\u00e9cnicos do IF Baiano (Resolu\u00e7\u00e3o n\u00ba 05 de 29\/03\/2011 \u2013 Conselho Superior\/IF Baiano), torna p\u00fablico o presente Edital de Renova\u00e7\u00e3o de Matr\u00edcula para o Ano Letivo de 2016.<\/p>\n<p><a href=\"http:\/\/www.ifbaiano.edu.br\/unidades\/santaines\/files\/2016\/04\/EDITAL-DE-RENOVACAO-DE-MATRICULA-20161.pdf\">ACESSE O EDITAL DE RENOVA\u00c7\u00c3O DE MATR\u00cdCULA N\u00ba 10\/2016 AQUI.<\/a><\/p>\n<h3><\/h3>\n","protected":false},"excerpt":{"rendered":"<p>05\/04\/2016 &#8211; Acesse o edital de renova\u00e7\u00e3o de matr\u00edcula n\u00ba 10\/2016.<\/p>\n","protected":false},"author":1,"featured_media":0,"comment_status":"closed","ping_status":"closed","sticky":false,"template":"","format":"standard","meta":[],"categories":[4,10],"tags":[],"_links":{"self":[{"href":"https:\/\/www.ifbaiano.edu.br\/unidades\/santaines\/wp-json\/wp\/v2\/posts\/6773"}],"collection":[{"href":"https:\/\/www.ifbaiano.edu.br\/unidades\/santaines\/wp-json\/wp\/v2\/posts"}],"about":[{"href":"https:\/\/www.ifbaiano.edu.br\/unidades\/santaines\/wp-json\/wp\/v2\/types\/post"}],"author":[{"embeddable":true,"href":"https:\/\/www.ifbaiano.edu.br\/unidades\/santaines\/wp-json\/wp\/v2\/users\/1"}],"replies":[{"embeddable":true,"href":"https:\/\/www.ifbaiano.edu.br\/unidades\/santaines\/wp-json\/wp\/v2\/comments?post=6773"}],"version-history":[{"count":4,"href":"https:\/\/www.ifbaiano.edu.br\/unidades\/santaines\/wp-json\/wp\/v2\/posts\/6773\/revisions"}],"predecessor-version":[{"id":6775,"href":"https:\/\/www.ifbaiano.edu.br\/unidades\/santaines\/wp-json\/wp\/v2\/posts\/6773\/revisions\/6775"}],"wp:attachment":[{"href":"https:\/\/www.ifbaiano.edu.br\/unidades\/santaines\/wp-json\/wp\/v2\/media?parent=6773"}],"wp:term":[{"taxonomy":"category","embeddable":true,"href":"https:\/\/www.ifbaiano.edu.br\/unidades\/santaines\/wp-json\/wp\/v2\/categories?post=6773"},{"taxonomy":"post_tag","embeddable":true,"href":"https:\/\/www.ifbaiano.edu.br\/unidades\/santaines\/wp-json\/wp\/v2\/tags?post=6773"}],"curies":[{"name":"wp","href":"https:\/\/api.w.org\/{rel}","templated":true}]}}