{"id":6864,"date":"2016-05-03T05:59:48","date_gmt":"2016-05-03T08:59:48","guid":{"rendered":"http:\/\/www.ifbaiano.edu.br\/unidades\/santaines\/?p=6864"},"modified":"2016-05-03T05:59:48","modified_gmt":"2016-05-03T08:59:48","slug":"convite-aos-paisresponsaveis-pelos-estudantes-dos-cursos-tecnicos-integrados-de-nivel-medio","status":"publish","type":"post","link":"https:\/\/www.ifbaiano.edu.br\/unidades\/santaines\/convite-aos-paisresponsaveis-pelos-estudantes-dos-cursos-tecnicos-integrados-de-nivel-medio\/","title":{"rendered":"Convite aos Pais\/Respons\u00e1veis pelos estudantes dos Cursos T\u00e9cnicos Integrados de N\u00edvel M\u00e9dio"},"content":{"rendered":"<div style=\"text-align: right\">03\/05\/2016<\/div>\n<div>O Diretor Geral convida aos Pais\/Respons\u00e1veis para participarem da Aula Inaugural de in\u00edcio das aulas do ano letivo 2016, conforme programa\u00e7\u00e3o a seguir:<\/div>\n<div>Dia 09\/05\/2016<br \/>\nS\u00e9rie: 1\u00aa<br \/>\nHor\u00e1rio: 8h30min<br \/>\nLocal: Quadra Poliesportiva<\/div>\n<div>Dia 10\/05\/2016<br \/>\nS\u00e9ries: 2\u00aa e 3\u00aa<br \/>\nHor\u00e1rio: 8h30min<br \/>\nLocal: Quadra Poliesportiva<\/div>\n<div>As aulas das 2\u00aa e 3\u00aa iniciar\u00e3o no dia 10\/05\/2016. Assim, n\u00e3o se faz necess\u00e1ria a presen\u00e7a dos mesmos no Campus no dia 09\/05\/2016.<\/div>\n<p>Ter\u00e3o acesso ao Refeit\u00f3rio do Campus para almo\u00e7o apenas pais de alunos internos das 1\u00aa s\u00e9ries, no dia 09\/05\/2016.<\/p>\n","protected":false},"excerpt":{"rendered":"<p>03-05-2016 &#8211; O Diretor Geral convida aos Pais\/Respons\u00e1veis para participarem da Aula Inaugural de in\u00edcio das aulas do ano letivo 2016, conforme programa\u00e7\u00e3o a seguir:<\/p>\n","protected":false},"author":1,"featured_media":0,"comment_status":"closed","ping_status":"closed","sticky":false,"template":"","format":"standard","meta":[],"categories":[4,19,5,10],"tags":[],"_links":{"self":[{"href":"https:\/\/www.ifbaiano.edu.br\/unidades\/santaines\/wp-json\/wp\/v2\/posts\/6864"}],"collection":[{"href":"https:\/\/www.ifbaiano.edu.br\/unidades\/santaines\/wp-json\/wp\/v2\/posts"}],"about":[{"href":"https:\/\/www.ifbaiano.edu.br\/unidades\/santaines\/wp-json\/wp\/v2\/types\/post"}],"author":[{"embeddable":true,"href":"https:\/\/www.ifbaiano.edu.br\/unidades\/santaines\/wp-json\/wp\/v2\/users\/1"}],"replies":[{"embeddable":true,"href":"https:\/\/www.ifbaiano.edu.br\/unidades\/santaines\/wp-json\/wp\/v2\/comments?post=6864"}],"version-history":[{"count":2,"href":"https:\/\/www.ifbaiano.edu.br\/unidades\/santaines\/wp-json\/wp\/v2\/posts\/6864\/revisions"}],"predecessor-version":[{"id":6866,"href":"https:\/\/www.ifbaiano.edu.br\/unidades\/santaines\/wp-json\/wp\/v2\/posts\/6864\/revisions\/6866"}],"wp:attachment":[{"href":"https:\/\/www.ifbaiano.edu.br\/unidades\/santaines\/wp-json\/wp\/v2\/media?parent=6864"}],"wp:term":[{"taxonomy":"category","embeddable":true,"href":"https:\/\/www.ifbaiano.edu.br\/unidades\/santaines\/wp-json\/wp\/v2\/categories?post=6864"},{"taxonomy":"post_tag","embeddable":true,"href":"https:\/\/www.ifbaiano.edu.br\/unidades\/santaines\/wp-json\/wp\/v2\/tags?post=6864"}],"curies":[{"name":"wp","href":"https:\/\/api.w.org\/{rel}","templated":true}]}}