{"id":6929,"date":"2016-05-24T12:28:00","date_gmt":"2016-05-24T15:28:00","guid":{"rendered":"http:\/\/www.ifbaiano.edu.br\/unidades\/santaines\/?p=6929"},"modified":"2016-06-01T10:28:38","modified_gmt":"2016-06-01T13:28:38","slug":"processo-seletivo-simplificado-para-selecao-de-bolsistas","status":"publish","type":"post","link":"https:\/\/www.ifbaiano.edu.br\/unidades\/santaines\/processo-seletivo-simplificado-para-selecao-de-bolsistas\/","title":{"rendered":"Processo Seletivo Simplificado para sele\u00e7\u00e3o de bolsistas"},"content":{"rendered":"<p align=\"justify\">A Comiss\u00e3o, nomeada pela Portaria N\u00ba 14 de 08 de mar\u00e7o de 2016 e N\u00ba 35 de 23 de maio de 2016, torna p\u00fablico o resultado da sele\u00e7\u00e3o de bolsista para atuar como tutor presencial\u00a0 do curso de Agente Comunit\u00e1rio de Sa\u00fade neste Campus.<\/p>\n<p>primeiro colocado o servidor <strong>ANTONIO SANTOS SOUZA<\/strong>, com 17,5 pontos (Classificado)<br \/>\nsegunda colocada a servidora <strong>JEANNE SANTANA<\/strong>, com 11,5 pontos (Cadastro de Reserva).<\/p>\n<p align=\"justify\"><a href=\"http:\/\/www.ifbaiano.edu.br\/unidades\/santaines\/files\/2016\/05\/chamada-simplificada-acs.pdf\">Acesse o edital aqui. <\/a><\/p>\n","protected":false},"excerpt":{"rendered":"<p>01\/06\/2016 &#8211; resultado da sele\u00e7\u00e3o de bolsista para atuar como tutor presencial do curso de Agente Comunit\u00e1rio de Sa\u00fade no Campus Santa In\u00eas <\/p>\n","protected":false},"author":1,"featured_media":0,"comment_status":"closed","ping_status":"closed","sticky":false,"template":"","format":"standard","meta":[],"categories":[4,5,10],"tags":[],"_links":{"self":[{"href":"https:\/\/www.ifbaiano.edu.br\/unidades\/santaines\/wp-json\/wp\/v2\/posts\/6929"}],"collection":[{"href":"https:\/\/www.ifbaiano.edu.br\/unidades\/santaines\/wp-json\/wp\/v2\/posts"}],"about":[{"href":"https:\/\/www.ifbaiano.edu.br\/unidades\/santaines\/wp-json\/wp\/v2\/types\/post"}],"author":[{"embeddable":true,"href":"https:\/\/www.ifbaiano.edu.br\/unidades\/santaines\/wp-json\/wp\/v2\/users\/1"}],"replies":[{"embeddable":true,"href":"https:\/\/www.ifbaiano.edu.br\/unidades\/santaines\/wp-json\/wp\/v2\/comments?post=6929"}],"version-history":[{"count":4,"href":"https:\/\/www.ifbaiano.edu.br\/unidades\/santaines\/wp-json\/wp\/v2\/posts\/6929\/revisions"}],"predecessor-version":[{"id":6932,"href":"https:\/\/www.ifbaiano.edu.br\/unidades\/santaines\/wp-json\/wp\/v2\/posts\/6929\/revisions\/6932"}],"wp:attachment":[{"href":"https:\/\/www.ifbaiano.edu.br\/unidades\/santaines\/wp-json\/wp\/v2\/media?parent=6929"}],"wp:term":[{"taxonomy":"category","embeddable":true,"href":"https:\/\/www.ifbaiano.edu.br\/unidades\/santaines\/wp-json\/wp\/v2\/categories?post=6929"},{"taxonomy":"post_tag","embeddable":true,"href":"https:\/\/www.ifbaiano.edu.br\/unidades\/santaines\/wp-json\/wp\/v2\/tags?post=6929"}],"curies":[{"name":"wp","href":"https:\/\/api.w.org\/{rel}","templated":true}]}}