{"id":7005,"date":"2016-06-01T11:17:36","date_gmt":"2016-06-01T14:17:36","guid":{"rendered":"http:\/\/www.ifbaiano.edu.br\/unidades\/santaines\/?p=7005"},"modified":"2016-06-01T11:22:39","modified_gmt":"2016-06-01T14:22:39","slug":"realizacao-da-olimpiada-brasileira-de-fisica-no-campus-santa-ines","status":"publish","type":"post","link":"https:\/\/www.ifbaiano.edu.br\/unidades\/santaines\/realizacao-da-olimpiada-brasileira-de-fisica-no-campus-santa-ines\/","title":{"rendered":"Realiza\u00e7\u00e3o da Olimp\u00edada Brasileira de F\u00edsica no Campus Santa In\u00eas"},"content":{"rendered":"<p style=\"text-align: justify\">A Olimp\u00edada Brasileira de F\u00edsica (OBF) \u00e9 um programa que tem como objetivo a divulga\u00e7\u00e3o dos conhecimentos cient\u00edficos e tecnol\u00f3gicos desenvolvidos ao longo da hist\u00f3ria. A OBF \u00e9 aplicada anualmente para estudantes brasileiros do ensino fundamental II, m\u00e9dio e t\u00e9cnico, com o apoio do CNPq e professores das escolas credenciadas.<br \/>\nDesta vez, marcou o in\u00edcio do ano letivo 2016 no campus Santa In\u00eas. Em sua d\u00e9cima primeira edi\u00e7\u00e3o, contou com a participa\u00e7\u00e3o massiva dos estudantes dos cursos t\u00e9cnicos integrados em Agropecu\u00e1ria, Alimentos e Zootecnia. Alguns estudantes comentaram a atividade:<br \/>\nThais Santos (Agropecu\u00e1ria): \u201cfiz uma prova boa, com exce\u00e7\u00e3o de algumas quest\u00f5es cujos conte\u00fados ainda n\u00e3o estudamos na disciplina de F\u00edsica\u201d.<br \/>\nWendel de Jesus (Agropecu\u00e1ria): \u201co n\u00edvel da prova estava tranquilo, por\u00e9m o retorno das f\u00e9rias me deixou um pouco fora de ritmo\u201d.<br \/>\nA segunda fase da OBF acontecer\u00e1 em 20 de agosto de 2016 e a terceira fase em 08 de outubro contando com premia\u00e7\u00f5es nacionais e internacionais.<\/p>\n<p><a href=\"http:\/\/www.ifbaiano.edu.br\/unidades\/santaines\/files\/2016\/06\/IMG-20160530-WA0014-ok.jpg\"><img decoding=\"async\" loading=\"lazy\" class=\"alignleft size-full wp-image-7008\" src=\"http:\/\/www.ifbaiano.edu.br\/unidades\/santaines\/files\/2016\/06\/IMG-20160530-WA0014-ok.jpg\" alt=\"\" width=\"850\" height=\"478\" \/><\/a><a href=\"http:\/\/www.ifbaiano.edu.br\/unidades\/santaines\/files\/2016\/06\/IMG-20160530-WA0021-ok.jpg\"><img decoding=\"async\" loading=\"lazy\" class=\"alignleft size-full wp-image-7009\" src=\"http:\/\/www.ifbaiano.edu.br\/unidades\/santaines\/files\/2016\/06\/IMG-20160530-WA0021-ok.jpg\" alt=\"\" width=\"850\" height=\"478\" \/><\/a><\/p>\n<p>&nbsp;<\/p>\n","protected":false},"excerpt":{"rendered":"<p>01\/06\/2016 &#8211; A OBF \u00e9 aplicada anualmente para estudantes brasileiros do ensino fundamental II, m\u00e9dio e t\u00e9cnico, com o apoio do CNPq e professores das escolas credenciadas.<\/p>\n","protected":false},"author":1,"featured_media":0,"comment_status":"closed","ping_status":"closed","sticky":false,"template":"","format":"standard","meta":[],"categories":[4,5,10],"tags":[],"_links":{"self":[{"href":"https:\/\/www.ifbaiano.edu.br\/unidades\/santaines\/wp-json\/wp\/v2\/posts\/7005"}],"collection":[{"href":"https:\/\/www.ifbaiano.edu.br\/unidades\/santaines\/wp-json\/wp\/v2\/posts"}],"about":[{"href":"https:\/\/www.ifbaiano.edu.br\/unidades\/santaines\/wp-json\/wp\/v2\/types\/post"}],"author":[{"embeddable":true,"href":"https:\/\/www.ifbaiano.edu.br\/unidades\/santaines\/wp-json\/wp\/v2\/users\/1"}],"replies":[{"embeddable":true,"href":"https:\/\/www.ifbaiano.edu.br\/unidades\/santaines\/wp-json\/wp\/v2\/comments?post=7005"}],"version-history":[{"count":5,"href":"https:\/\/www.ifbaiano.edu.br\/unidades\/santaines\/wp-json\/wp\/v2\/posts\/7005\/revisions"}],"predecessor-version":[{"id":7012,"href":"https:\/\/www.ifbaiano.edu.br\/unidades\/santaines\/wp-json\/wp\/v2\/posts\/7005\/revisions\/7012"}],"wp:attachment":[{"href":"https:\/\/www.ifbaiano.edu.br\/unidades\/santaines\/wp-json\/wp\/v2\/media?parent=7005"}],"wp:term":[{"taxonomy":"category","embeddable":true,"href":"https:\/\/www.ifbaiano.edu.br\/unidades\/santaines\/wp-json\/wp\/v2\/categories?post=7005"},{"taxonomy":"post_tag","embeddable":true,"href":"https:\/\/www.ifbaiano.edu.br\/unidades\/santaines\/wp-json\/wp\/v2\/tags?post=7005"}],"curies":[{"name":"wp","href":"https:\/\/api.w.org\/{rel}","templated":true}]}}