{"id":7030,"date":"2016-06-13T09:09:47","date_gmt":"2016-06-13T12:09:47","guid":{"rendered":"http:\/\/www.ifbaiano.edu.br\/unidades\/santaines\/?p=7030"},"modified":"2016-06-13T16:28:48","modified_gmt":"2016-06-13T19:28:48","slug":"festejos-juninos-do-if-baiano-campus-santa-ines","status":"publish","type":"post","link":"https:\/\/www.ifbaiano.edu.br\/unidades\/santaines\/festejos-juninos-do-if-baiano-campus-santa-ines\/","title":{"rendered":"Festejos Juninos do IF Baiano Campus Santa In\u00eas"},"content":{"rendered":"<p style=\"text-align: justify\">O Diretor Geral Substituto, Marco Antonio Reis Rodrigues e a Comiss\u00e3o de Organiza\u00e7\u00e3o dos Festejos Juninos do IF Baiano <em>Campus<\/em> Santa In\u00eas tem a honra de convid\u00e1-los para participar do Arrai\u00e1 do IF Baiano, que ser\u00e1 realizado no dia 15 de junho de 2016, das 14 \u00e0s 21 horas, na Quadra de Esportes do <em>Campus<\/em>.<\/p>\n<p style=\"text-align: justify\">Esta atividade visa o resgate da tradi\u00e7\u00e3o articulada com a socializa\u00e7\u00e3o escola\/comunidade em suas diversas representa\u00e7\u00f5es culturais, atrav\u00e9s de um trabalho interdisciplinar, objetivando a transforma\u00e7\u00e3o de espa\u00e7os, em que sujeitos modificam, compartilham, aprendem, ensinam e participam das vivencias.<\/p>\n<p>&nbsp;<\/p>\n<p><a href=\"http:\/\/www.ifbaiano.edu.br\/unidades\/santaines\/files\/2016\/06\/Convite-Mulheres-e-Homens-do-Canga\u00e7o.jpg\"><img decoding=\"async\" loading=\"lazy\" class=\"alignleft size-full wp-image-7031\" src=\"http:\/\/www.ifbaiano.edu.br\/unidades\/santaines\/files\/2016\/06\/Convite-Mulheres-e-Homens-do-Canga\u00e7o.jpg\" alt=\"\" width=\"960\" height=\"720\" \/><\/a><\/p>\n","protected":false},"excerpt":{"rendered":"<p>13\/06\/2016 &#8211; O evento ser\u00e1 realizado no dia 15 de junho de 2016, das 14 \u00e0s 21 horas, na Quadra de Esportes do Campus.<\/p>\n","protected":false},"author":1,"featured_media":0,"comment_status":"closed","ping_status":"closed","sticky":false,"template":"","format":"standard","meta":[],"categories":[4,19,5,23,10],"tags":[],"_links":{"self":[{"href":"https:\/\/www.ifbaiano.edu.br\/unidades\/santaines\/wp-json\/wp\/v2\/posts\/7030"}],"collection":[{"href":"https:\/\/www.ifbaiano.edu.br\/unidades\/santaines\/wp-json\/wp\/v2\/posts"}],"about":[{"href":"https:\/\/www.ifbaiano.edu.br\/unidades\/santaines\/wp-json\/wp\/v2\/types\/post"}],"author":[{"embeddable":true,"href":"https:\/\/www.ifbaiano.edu.br\/unidades\/santaines\/wp-json\/wp\/v2\/users\/1"}],"replies":[{"embeddable":true,"href":"https:\/\/www.ifbaiano.edu.br\/unidades\/santaines\/wp-json\/wp\/v2\/comments?post=7030"}],"version-history":[{"count":5,"href":"https:\/\/www.ifbaiano.edu.br\/unidades\/santaines\/wp-json\/wp\/v2\/posts\/7030\/revisions"}],"predecessor-version":[{"id":7035,"href":"https:\/\/www.ifbaiano.edu.br\/unidades\/santaines\/wp-json\/wp\/v2\/posts\/7030\/revisions\/7035"}],"wp:attachment":[{"href":"https:\/\/www.ifbaiano.edu.br\/unidades\/santaines\/wp-json\/wp\/v2\/media?parent=7030"}],"wp:term":[{"taxonomy":"category","embeddable":true,"href":"https:\/\/www.ifbaiano.edu.br\/unidades\/santaines\/wp-json\/wp\/v2\/categories?post=7030"},{"taxonomy":"post_tag","embeddable":true,"href":"https:\/\/www.ifbaiano.edu.br\/unidades\/santaines\/wp-json\/wp\/v2\/tags?post=7030"}],"curies":[{"name":"wp","href":"https:\/\/api.w.org\/{rel}","templated":true}]}}