{"id":7058,"date":"2016-08-22T10:48:30","date_gmt":"2016-08-22T13:48:30","guid":{"rendered":"http:\/\/www.ifbaiano.edu.br\/unidades\/santaines\/?p=7058"},"modified":"2016-08-22T15:08:41","modified_gmt":"2016-08-22T18:08:41","slug":"aviso-de-chamada-publica-dispensa-de-licitacao","status":"publish","type":"post","link":"https:\/\/www.ifbaiano.edu.br\/unidades\/santaines\/aviso-de-chamada-publica-dispensa-de-licitacao\/","title":{"rendered":"Chamada P\u00fablica e Edital &#8211; Dispensa de Licita\u00e7\u00e3o N\u00ba 13\/2016 &#8211; Aquisi\u00e7\u00e3o de g\u00eaneros aliment\u00edcios da agricultura familiar para atendimento ao Programa Nacional de Alimenta\u00e7\u00e3o Escolar"},"content":{"rendered":"<h3 style=\"text-align: justify\" align=\"justify\">Aviso e Edital de Chamada P\u00fablica N\u00ba 02\/2016, Dispensa de Licita\u00e7\u00e3o N\u00ba 13\/2016, Processo N\u00ba 23332.000475\/2016-15<\/h3>\n<p style=\"text-align: justify\" align=\"justify\">Objeto \u2013 <strong>Aquisi\u00e7\u00e3o de g\u00eaneros aliment\u00edcios da agricultura familiar para atendimento ao Programa Nacional de Alimenta\u00e7\u00e3o<\/strong><br \/>\n<strong>Escolar que acontecer\u00e1 no dia 20 de setembro de 2016.<\/strong><\/p>\n<h2><strong><a title=\"Edital\" href=\"http:\/\/www.ifbaiano.edu.br\/unidades\/santaines\/files\/2016\/08\/edital_chamada-publica_02_2016_PNAE.pdf\" target=\"_blank\">EDITAL G\u00caNEROS ALIMENT\u00cdCIOS<br \/>\nCHAMADA P\u00daBLICA 02\/2016<br \/>\nDISPENSA DE LICITA\u00c7\u00c3O 13\/2016<br \/>\nEDITAL N\u00daMERO 29\/2016<br \/>\nPROCESSO: 23332.000475\/2016-15<\/a><\/strong><\/h2>\n<p>&nbsp;<\/p>\n<h3 align=\"justify\"><\/h3>\n<h3 align=\"justify\"><strong><a href=\"http:\/\/www.ifbaiano.edu.br\/unidades\/santaines\/files\/2016\/07\/aviso_de_chamada_publica_numero_02_2016.pdf\" target=\"_border\">ACESSAR O AVISO DA CHAMADA P\u00daBLICA N\u00daMERO 02 2016<\/a><\/strong><\/h3>\n<p>&nbsp;<\/p>\n<p style=\"text-align: justify\" align=\"justify\"><strong>A Sess\u00e3o de abertura ocorrer\u00e1 em: 20\/09\/2016, \u00e0s 09h:00min hor\u00e1rio local na sala de reuni\u00f5es do<\/strong><\/p>\n<p><strong>Instituto Federal Baiano \u2013 Campus Santa In\u00eas, Km 2,5, BR 420, Rodovia Santa In\u00eas x Uba\u00edra, cidade de Santa In\u00eas \u2013 Estado Bahia.<\/strong><\/p>\n<p style=\"text-align: justify\" align=\"justify\">O Instituto Federal Baiano \u2013 Campus Santa In\u00eas torna p\u00fablico, para conhecimento dos interessados, que realizar\u00e1 a Chamada P\u00fablica n\u00ba 01\/2016. Objeto: Aquisi\u00e7\u00e3o de g\u00eaneros aliment\u00edcios da agricultura familiar para atendimento ao Programa de Aquisi\u00e7\u00e3o de Alimentos \u2013 PAA, conforme pe\u00e7as t\u00e9cnicas constantes no instrumento convocat\u00f3rio e seus anexos, partes integrantes desta Chamada P\u00fablica. O Edital encontra-se dispon\u00edvel na sede do Instituto Federal Baiano \u2013 Campus Santa In\u00eas das 08h00min \u00e0s 11h20min e das 13h30min as 17h00min e no s\u00edtio eletr\u00f4nico http:\/\/www.ifbaiano.edu.br\/unidades\/santaines. A Sess\u00e3o de abertura ocorrer\u00e1 em: 01\/08\/2016, \u00e0s 09h:00min hor\u00e1rio local na sala de reuni\u00f5es do Instituto Federal Baiano \u2013 Campus Santa In\u00eas, Km 2,5, BR 420, Rodovia Santa In\u00eas x Uba\u00edra, cidade de Santa In\u00eas \u2013 Estado Bahia.<\/p>\n<h3 align=\"justify\">\u00a0<span style=\"font-size: 1.17em;font-weight: normal\"><strong>06\/07\/2016<\/strong> &#8211;\u00a0<\/span><a href=\"http:\/\/www.ifbaiano.edu.br\/unidades\/santaines\/files\/2016\/07\/Aviso-de-Chamada-Publica-numero-01-2016.pdf\">Aviso de Chamada P\u00fablica n\u00ba 01\/2016<\/a><\/h3>\n<h3 align=\"justify\"><strong>\u00a0<\/strong>06\/07\/2016 &#8211;\u00a0<a href=\"http:\/\/www.ifbaiano.edu.br\/unidades\/santaines\/files\/2016\/07\/Edital-Chamada-Publica-01-2016-PAA.pdf\">Edital Chamada P\u00fablica<\/a><\/h3>\n<h3 align=\"justify\"><strong><span style=\"font-size: 1.17em\"><strong><strong>\u00a0<\/strong><\/strong>07\/07\/2016 &#8211; <\/span><a href=\"http:\/\/www.ifbaiano.edu.br\/unidades\/santaines\/files\/2016\/07\/Anexos-da-Chamada-Publica-01-2016.zip\">Anexos<\/a><\/strong><\/h3>\n<h3><strong><strong>\u00a0<\/strong>04\/08\/2016 &#8211; <a href=\"http:\/\/www.ifbaiano.edu.br\/unidades\/santaines\/files\/2016\/07\/Termo-de-Adjudicacao-Homologacao1.pdf\">Termo de Adjudica\u00e7\u00e3o\/Homologa\u00e7\u00e3o <\/a>\u00a0(<span style=\"color: #ff0000\">NOVO<\/span>)\u00a0<\/strong><\/h3>\n<p>&nbsp;<\/p>\n<p><span style=\"font-family: Consolas, Monaco, monospace;font-size: 12px;line-height: 18px\">Presidente da Comiss\u00e3o da Chamada P\u00fablica:Gilberto Muniz Santos<\/span><\/p>\n<pre>Portaria N\u00ba 025, de 08 de abril de 2016<\/pre>\n<pre>IF Baiano \u2013 Campus Santa In\u00eas<\/pre>\n<pre><\/pre>\n<p>&nbsp;<\/p>\n<div><strong><br \/>\n<\/strong><\/div>\n","protected":false},"excerpt":{"rendered":"<p>22\/08\/2016 &#8211; Dispon\u00edvel o Edital e a Chamada P\u00fablica para Processo de Dispensa de Licita\u00e7\u00e3o para G\u00eaneros Aliment\u00edcios<br \/>\n04\/08\/2016 &#8211; Homologa\u00e7\u00e3o do processo de compra. <\/p>\n","protected":false},"author":1,"featured_media":0,"comment_status":"closed","ping_status":"closed","sticky":false,"template":"","format":"standard","meta":[],"categories":[19,5,37,10],"tags":[],"_links":{"self":[{"href":"https:\/\/www.ifbaiano.edu.br\/unidades\/santaines\/wp-json\/wp\/v2\/posts\/7058"}],"collection":[{"href":"https:\/\/www.ifbaiano.edu.br\/unidades\/santaines\/wp-json\/wp\/v2\/posts"}],"about":[{"href":"https:\/\/www.ifbaiano.edu.br\/unidades\/santaines\/wp-json\/wp\/v2\/types\/post"}],"author":[{"embeddable":true,"href":"https:\/\/www.ifbaiano.edu.br\/unidades\/santaines\/wp-json\/wp\/v2\/users\/1"}],"replies":[{"embeddable":true,"href":"https:\/\/www.ifbaiano.edu.br\/unidades\/santaines\/wp-json\/wp\/v2\/comments?post=7058"}],"version-history":[{"count":20,"href":"https:\/\/www.ifbaiano.edu.br\/unidades\/santaines\/wp-json\/wp\/v2\/posts\/7058\/revisions"}],"predecessor-version":[{"id":7063,"href":"https:\/\/www.ifbaiano.edu.br\/unidades\/santaines\/wp-json\/wp\/v2\/posts\/7058\/revisions\/7063"}],"wp:attachment":[{"href":"https:\/\/www.ifbaiano.edu.br\/unidades\/santaines\/wp-json\/wp\/v2\/media?parent=7058"}],"wp:term":[{"taxonomy":"category","embeddable":true,"href":"https:\/\/www.ifbaiano.edu.br\/unidades\/santaines\/wp-json\/wp\/v2\/categories?post=7058"},{"taxonomy":"post_tag","embeddable":true,"href":"https:\/\/www.ifbaiano.edu.br\/unidades\/santaines\/wp-json\/wp\/v2\/tags?post=7058"}],"curies":[{"name":"wp","href":"https:\/\/api.w.org\/{rel}","templated":true}]}}